{"id":472,"date":"2011-11-24T12:02:59","date_gmt":"2011-11-24T10:02:59","guid":{"rendered":"http:\/\/bapp.info\/blog\/?p=472"},"modified":"2020-12-18T12:51:55","modified_gmt":"2020-12-18T10:51:55","slug":"deutsche-fachgesellschaft-psychiatrische-pflege-gegrundet","status":"publish","type":"post","link":"https:\/\/www.bapp.info\/?p=472","title":{"rendered":"Deutsche Fachgesellschaft Psychiatrische Pflege gegr\u00fcndet"},"content":{"rendered":"<p><a href=\"http:\/\/www.bapp.info\/wp-content\/uploads\/2011\/11\/dfpp-logo-m.png\"><img loading=\"lazy\" decoding=\"async\" class=\"size-thumbnail wp-image-476 alignright\" title=\"dfpp-logo-m\" src=\"http:\/\/wp.bapp.info\/wp-content\/uploads\/2011\/11\/dfpp-logo-m-150x150.png\" alt=\"\" width=\"150\" height=\"150\" \/><\/a>Nach langer Sondierungsphase wurde gestern im Rahmen des DGPPN-Kongresses die &#8216;DFPP &#8211;\u00a0Deutsche Fachgesellschaft Psychiatrische Pflege&#8217; formell gegr\u00fcndet.<\/p>\n<p>Die bisherigen Sprecherinnen f\u00fchren ihre Arbeit bis zur Pr\u00e4sidiumswahl Anfang n\u00e4chsten Jahres fort. Neben den Diskussionen \u00fcber Strukturen hat sich die DFPP gestern auch einen Arbeitsplan bis Ende 2012 gegeben.<\/p>\n<ul>\n<li><a href=\"http:\/\/www.dfpp.de\" target=\"_blank\" rel=\"noopener noreferrer\">zu dfpp.de<\/a><\/li>\n<\/ul>\n","protected":false},"excerpt":{"rendered":"<p>Nach langer Sondierungsphase wurde gestern im Rahmen des DGPPN-Kongresses die &#8216;DFPP &#8211;\u00a0Deutsche Fachgesellschaft Psychiatrische Pflege&#8217; formell gegr\u00fcndet. Die bisherigen Sprecherinnen f\u00fchren ihre Arbeit bis zur Pr\u00e4sidiumswahl Anfang n\u00e4chsten Jahres fort. Neben den Diskussionen \u00fcber Strukturen hat sich die DFPP gestern auch einen Arbeitsplan bis Ende 2012 gegeben. zu dfpp.de<\/p>\n","protected":false},"author":891,"featured_media":0,"comment_status":"closed","ping_status":"closed","sticky":false,"template":"","format":"standard","meta":{"ocean_post_layout":"","ocean_both_sidebars_style":"","ocean_both_sidebars_content_width":0,"ocean_both_sidebars_sidebars_width":0,"ocean_sidebar":"","ocean_second_sidebar":"","ocean_disable_margins":"enable","ocean_add_body_class":"","ocean_shortcode_before_top_bar":"","ocean_shortcode_after_top_bar":"","ocean_shortcode_before_header":"","ocean_shortcode_after_header":"","ocean_has_shortcode":"","ocean_shortcode_after_title":"","ocean_shortcode_before_footer_widgets":"","ocean_shortcode_after_footer_widgets":"","ocean_shortcode_before_footer_bottom":"","ocean_shortcode_after_footer_bottom":"","ocean_display_top_bar":"default","ocean_display_header":"default","ocean_header_style":"","ocean_center_header_left_menu":"","ocean_custom_header_template":"","ocean_custom_logo":0,"ocean_custom_retina_logo":0,"ocean_custom_logo_max_width":0,"ocean_custom_logo_tablet_max_width":0,"ocean_custom_logo_mobile_max_width":0,"ocean_custom_logo_max_height":0,"ocean_custom_logo_tablet_max_height":0,"ocean_custom_logo_mobile_max_height":0,"ocean_header_custom_menu":"","ocean_menu_typo_font_family":"","ocean_menu_typo_font_subset":"","ocean_menu_typo_font_size":0,"ocean_menu_typo_font_size_tablet":0,"ocean_menu_typo_font_size_mobile":0,"ocean_menu_typo_font_size_unit":"px","ocean_menu_typo_font_weight":"","ocean_menu_typo_font_weight_tablet":"","ocean_menu_typo_font_weight_mobile":"","ocean_menu_typo_transform":"","ocean_menu_typo_transform_tablet":"","ocean_menu_typo_transform_mobile":"","ocean_menu_typo_line_height":0,"ocean_menu_typo_line_height_tablet":0,"ocean_menu_typo_line_height_mobile":0,"ocean_menu_typo_line_height_unit":"","ocean_menu_typo_spacing":0,"ocean_menu_typo_spacing_tablet":0,"ocean_menu_typo_spacing_mobile":0,"ocean_menu_typo_spacing_unit":"","ocean_menu_link_color":"","ocean_menu_link_color_hover":"","ocean_menu_link_color_active":"","ocean_menu_link_background":"","ocean_menu_link_hover_background":"","ocean_menu_link_active_background":"","ocean_menu_social_links_bg":"","ocean_menu_social_hover_links_bg":"","ocean_menu_social_links_color":"","ocean_menu_social_hover_links_color":"","ocean_disable_title":"default","ocean_disable_heading":"default","ocean_post_title":"","ocean_post_subheading":"","ocean_post_title_style":"","ocean_post_title_background_color":"","ocean_post_title_background":0,"ocean_post_title_bg_image_position":"","ocean_post_title_bg_image_attachment":"","ocean_post_title_bg_image_repeat":"","ocean_post_title_bg_image_size":"","ocean_post_title_height":0,"ocean_post_title_bg_overlay":0.5,"ocean_post_title_bg_overlay_color":"","ocean_disable_breadcrumbs":"default","ocean_breadcrumbs_color":"","ocean_breadcrumbs_separator_color":"","ocean_breadcrumbs_links_color":"","ocean_breadcrumbs_links_hover_color":"","ocean_display_footer_widgets":"default","ocean_display_footer_bottom":"default","ocean_custom_footer_template":"","ocean_post_oembed":"","ocean_post_self_hosted_media":"","ocean_post_video_embed":"","ocean_link_format":"","ocean_link_format_target":"self","ocean_quote_format":"","ocean_quote_format_link":"post","ocean_gallery_link_images":"on","ocean_gallery_id":[],"footnotes":""},"categories":[4,8],"tags":[55,213],"class_list":["post-472","post","type-post","status-publish","format-standard","hentry","category-berufspolitik","category-psychiatrische-pflege","tag-dfpp","tag-psychiatrische-pflege","entry"],"yoast_head":"<!-- This site is optimized with the Yoast SEO plugin v27.5 - https:\/\/yoast.com\/product\/yoast-seo-wordpress\/ -->\n<title>Deutsche Fachgesellschaft Psychiatrische Pflege gegr\u00fcndet | BAPP<\/title>\n<meta name=\"robots\" content=\"index, follow, max-snippet:-1, max-image-preview:large, max-video-preview:-1\" \/>\n<link rel=\"canonical\" href=\"https:\/\/www.bapp.info\/?p=472\" \/>\n<meta property=\"og:locale\" content=\"de_DE\" \/>\n<meta property=\"og:type\" content=\"article\" \/>\n<meta property=\"og:title\" content=\"Deutsche Fachgesellschaft Psychiatrische Pflege gegr\u00fcndet | BAPP\" \/>\n<meta property=\"og:description\" content=\"Nach langer Sondierungsphase wurde gestern im Rahmen des DGPPN-Kongresses die &#8216;DFPP &#8211;\u00a0Deutsche Fachgesellschaft Psychiatrische Pflege&#8217; formell gegr\u00fcndet. Die bisherigen Sprecherinnen f\u00fchren ihre Arbeit bis zur Pr\u00e4sidiumswahl Anfang n\u00e4chsten Jahres fort. Neben den Diskussionen \u00fcber Strukturen hat sich die DFPP gestern auch einen Arbeitsplan bis Ende 2012 gegeben. zu dfpp.de\" \/>\n<meta property=\"og:url\" content=\"https:\/\/www.bapp.info\/?p=472\" \/>\n<meta property=\"og:site_name\" content=\"BAPP\" \/>\n<meta property=\"article:publisher\" content=\"https:\/\/www.facebook.com\/BAPPev\/\" \/>\n<meta property=\"article:published_time\" content=\"2011-11-24T10:02:59+00:00\" \/>\n<meta property=\"article:modified_time\" content=\"2020-12-18T10:51:55+00:00\" \/>\n<meta property=\"og:image\" content=\"http:\/\/wp.bapp.info\/wp-content\/uploads\/2011\/11\/dfpp-logo-m-150x150.png\" \/>\n<meta name=\"author\" content=\"admin\" \/>\n<meta name=\"twitter:card\" content=\"summary_large_image\" \/>\n<meta name=\"twitter:creator\" content=\"@BAPPev\" \/>\n<meta name=\"twitter:site\" content=\"@BAPPev\" \/>\n<meta name=\"twitter:label1\" content=\"Verfasst von\" \/>\n\t<meta name=\"twitter:data1\" content=\"admin\" \/>\n<script type=\"application\/ld+json\" class=\"yoast-schema-graph\">{\"@context\":\"https:\\\/\\\/schema.org\",\"@graph\":[{\"@type\":\"Article\",\"@id\":\"https:\\\/\\\/www.bapp.info\\\/?p=472#article\",\"isPartOf\":{\"@id\":\"https:\\\/\\\/www.bapp.info\\\/?p=472\"},\"author\":{\"name\":\"admin\",\"@id\":\"https:\\\/\\\/www.bapp.info\\\/#\\\/schema\\\/person\\\/99493e18f1cc152e00e65c1562a7e1c7\"},\"headline\":\"Deutsche Fachgesellschaft Psychiatrische Pflege gegr\u00fcndet\",\"datePublished\":\"2011-11-24T10:02:59+00:00\",\"dateModified\":\"2020-12-18T10:51:55+00:00\",\"mainEntityOfPage\":{\"@id\":\"https:\\\/\\\/www.bapp.info\\\/?p=472\"},\"wordCount\":60,\"publisher\":{\"@id\":\"https:\\\/\\\/www.bapp.info\\\/#organization\"},\"image\":{\"@id\":\"https:\\\/\\\/www.bapp.info\\\/?p=472#primaryimage\"},\"thumbnailUrl\":\"http:\\\/\\\/wp.bapp.info\\\/wp-content\\\/uploads\\\/2011\\\/11\\\/dfpp-logo-m-150x150.png\",\"keywords\":[\"DFPP\",\"Psychiatrische Pflege\"],\"articleSection\":[\"Berufspolitik\",\"Psychiatrische Pflege\"],\"inLanguage\":\"de\"},{\"@type\":\"WebPage\",\"@id\":\"https:\\\/\\\/www.bapp.info\\\/?p=472\",\"url\":\"https:\\\/\\\/www.bapp.info\\\/?p=472\",\"name\":\"Deutsche Fachgesellschaft Psychiatrische Pflege gegr\u00fcndet | BAPP\",\"isPartOf\":{\"@id\":\"https:\\\/\\\/www.bapp.info\\\/#website\"},\"primaryImageOfPage\":{\"@id\":\"https:\\\/\\\/www.bapp.info\\\/?p=472#primaryimage\"},\"image\":{\"@id\":\"https:\\\/\\\/www.bapp.info\\\/?p=472#primaryimage\"},\"thumbnailUrl\":\"http:\\\/\\\/wp.bapp.info\\\/wp-content\\\/uploads\\\/2011\\\/11\\\/dfpp-logo-m-150x150.png\",\"datePublished\":\"2011-11-24T10:02:59+00:00\",\"dateModified\":\"2020-12-18T10:51:55+00:00\",\"breadcrumb\":{\"@id\":\"https:\\\/\\\/www.bapp.info\\\/?p=472#breadcrumb\"},\"inLanguage\":\"de\",\"potentialAction\":[{\"@type\":\"ReadAction\",\"target\":[\"https:\\\/\\\/www.bapp.info\\\/?p=472\"]}]},{\"@type\":\"ImageObject\",\"inLanguage\":\"de\",\"@id\":\"https:\\\/\\\/www.bapp.info\\\/?p=472#primaryimage\",\"url\":\"http:\\\/\\\/wp.bapp.info\\\/wp-content\\\/uploads\\\/2011\\\/11\\\/dfpp-logo-m-150x150.png\",\"contentUrl\":\"http:\\\/\\\/wp.bapp.info\\\/wp-content\\\/uploads\\\/2011\\\/11\\\/dfpp-logo-m-150x150.png\"},{\"@type\":\"BreadcrumbList\",\"@id\":\"https:\\\/\\\/www.bapp.info\\\/?p=472#breadcrumb\",\"itemListElement\":[{\"@type\":\"ListItem\",\"position\":1,\"name\":\"Startseite\",\"item\":\"https:\\\/\\\/www.bapp.info\\\/\"},{\"@type\":\"ListItem\",\"position\":2,\"name\":\"Deutsche Fachgesellschaft Psychiatrische Pflege gegr\u00fcndet\"}]},{\"@type\":\"WebSite\",\"@id\":\"https:\\\/\\\/www.bapp.info\\\/#website\",\"url\":\"https:\\\/\\\/www.bapp.info\\\/\",\"name\":\"BAPP\",\"description\":\"Bundesinitiative Ambulante Psychiatrische Pflege\",\"publisher\":{\"@id\":\"https:\\\/\\\/www.bapp.info\\\/#organization\"},\"potentialAction\":[{\"@type\":\"SearchAction\",\"target\":{\"@type\":\"EntryPoint\",\"urlTemplate\":\"https:\\\/\\\/www.bapp.info\\\/?s={search_term_string}\"},\"query-input\":{\"@type\":\"PropertyValueSpecification\",\"valueRequired\":true,\"valueName\":\"search_term_string\"}}],\"inLanguage\":\"de\"},{\"@type\":\"Organization\",\"@id\":\"https:\\\/\\\/www.bapp.info\\\/#organization\",\"name\":\"BAPP e.V.\",\"url\":\"https:\\\/\\\/www.bapp.info\\\/\",\"logo\":{\"@type\":\"ImageObject\",\"inLanguage\":\"de\",\"@id\":\"https:\\\/\\\/www.bapp.info\\\/#\\\/schema\\\/logo\\\/image\\\/\",\"url\":\"https:\\\/\\\/www.bapp.info\\\/wp-content\\\/uploads\\\/2018\\\/11\\\/bapp2-schatten-www.png\",\"contentUrl\":\"https:\\\/\\\/www.bapp.info\\\/wp-content\\\/uploads\\\/2018\\\/11\\\/bapp2-schatten-www.png\",\"width\":1472,\"height\":880,\"caption\":\"BAPP e.V.\"},\"image\":{\"@id\":\"https:\\\/\\\/www.bapp.info\\\/#\\\/schema\\\/logo\\\/image\\\/\"},\"sameAs\":[\"https:\\\/\\\/www.facebook.com\\\/BAPPev\\\/\",\"https:\\\/\\\/x.com\\\/BAPPev\"]},{\"@type\":\"Person\",\"@id\":\"https:\\\/\\\/www.bapp.info\\\/#\\\/schema\\\/person\\\/99493e18f1cc152e00e65c1562a7e1c7\",\"name\":\"admin\",\"image\":{\"@type\":\"ImageObject\",\"inLanguage\":\"de\",\"@id\":\"https:\\\/\\\/secure.gravatar.com\\\/avatar\\\/0926ef2d4df1335839d447e1f78ac79540053397fb7c635cbf6278dc979b59af?s=96&d=mm&r=g\",\"url\":\"https:\\\/\\\/secure.gravatar.com\\\/avatar\\\/0926ef2d4df1335839d447e1f78ac79540053397fb7c635cbf6278dc979b59af?s=96&d=mm&r=g\",\"contentUrl\":\"https:\\\/\\\/secure.gravatar.com\\\/avatar\\\/0926ef2d4df1335839d447e1f78ac79540053397fb7c635cbf6278dc979b59af?s=96&d=mm&r=g\",\"caption\":\"admin\"}}]}<\/script>\n<!-- \/ Yoast SEO plugin. -->","yoast_head_json":{"title":"Deutsche Fachgesellschaft Psychiatrische Pflege gegr\u00fcndet | BAPP","robots":{"index":"index","follow":"follow","max-snippet":"max-snippet:-1","max-image-preview":"max-image-preview:large","max-video-preview":"max-video-preview:-1"},"canonical":"https:\/\/www.bapp.info\/?p=472","og_locale":"de_DE","og_type":"article","og_title":"Deutsche Fachgesellschaft Psychiatrische Pflege gegr\u00fcndet | BAPP","og_description":"Nach langer Sondierungsphase wurde gestern im Rahmen des DGPPN-Kongresses die &#8216;DFPP &#8211;\u00a0Deutsche Fachgesellschaft Psychiatrische Pflege&#8217; formell gegr\u00fcndet. Die bisherigen Sprecherinnen f\u00fchren ihre Arbeit bis zur Pr\u00e4sidiumswahl Anfang n\u00e4chsten Jahres fort. Neben den Diskussionen \u00fcber Strukturen hat sich die DFPP gestern auch einen Arbeitsplan bis Ende 2012 gegeben. zu dfpp.de","og_url":"https:\/\/www.bapp.info\/?p=472","og_site_name":"BAPP","article_publisher":"https:\/\/www.facebook.com\/BAPPev\/","article_published_time":"2011-11-24T10:02:59+00:00","article_modified_time":"2020-12-18T10:51:55+00:00","og_image":[{"url":"http:\/\/wp.bapp.info\/wp-content\/uploads\/2011\/11\/dfpp-logo-m-150x150.png","type":"","width":"","height":""}],"author":"admin","twitter_card":"summary_large_image","twitter_creator":"@BAPPev","twitter_site":"@BAPPev","twitter_misc":{"Verfasst von":"admin"},"schema":{"@context":"https:\/\/schema.org","@graph":[{"@type":"Article","@id":"https:\/\/www.bapp.info\/?p=472#article","isPartOf":{"@id":"https:\/\/www.bapp.info\/?p=472"},"author":{"name":"admin","@id":"https:\/\/www.bapp.info\/#\/schema\/person\/99493e18f1cc152e00e65c1562a7e1c7"},"headline":"Deutsche Fachgesellschaft Psychiatrische Pflege gegr\u00fcndet","datePublished":"2011-11-24T10:02:59+00:00","dateModified":"2020-12-18T10:51:55+00:00","mainEntityOfPage":{"@id":"https:\/\/www.bapp.info\/?p=472"},"wordCount":60,"publisher":{"@id":"https:\/\/www.bapp.info\/#organization"},"image":{"@id":"https:\/\/www.bapp.info\/?p=472#primaryimage"},"thumbnailUrl":"http:\/\/wp.bapp.info\/wp-content\/uploads\/2011\/11\/dfpp-logo-m-150x150.png","keywords":["DFPP","Psychiatrische Pflege"],"articleSection":["Berufspolitik","Psychiatrische Pflege"],"inLanguage":"de"},{"@type":"WebPage","@id":"https:\/\/www.bapp.info\/?p=472","url":"https:\/\/www.bapp.info\/?p=472","name":"Deutsche Fachgesellschaft Psychiatrische Pflege gegr\u00fcndet | BAPP","isPartOf":{"@id":"https:\/\/www.bapp.info\/#website"},"primaryImageOfPage":{"@id":"https:\/\/www.bapp.info\/?p=472#primaryimage"},"image":{"@id":"https:\/\/www.bapp.info\/?p=472#primaryimage"},"thumbnailUrl":"http:\/\/wp.bapp.info\/wp-content\/uploads\/2011\/11\/dfpp-logo-m-150x150.png","datePublished":"2011-11-24T10:02:59+00:00","dateModified":"2020-12-18T10:51:55+00:00","breadcrumb":{"@id":"https:\/\/www.bapp.info\/?p=472#breadcrumb"},"inLanguage":"de","potentialAction":[{"@type":"ReadAction","target":["https:\/\/www.bapp.info\/?p=472"]}]},{"@type":"ImageObject","inLanguage":"de","@id":"https:\/\/www.bapp.info\/?p=472#primaryimage","url":"http:\/\/wp.bapp.info\/wp-content\/uploads\/2011\/11\/dfpp-logo-m-150x150.png","contentUrl":"http:\/\/wp.bapp.info\/wp-content\/uploads\/2011\/11\/dfpp-logo-m-150x150.png"},{"@type":"BreadcrumbList","@id":"https:\/\/www.bapp.info\/?p=472#breadcrumb","itemListElement":[{"@type":"ListItem","position":1,"name":"Startseite","item":"https:\/\/www.bapp.info\/"},{"@type":"ListItem","position":2,"name":"Deutsche Fachgesellschaft Psychiatrische Pflege gegr\u00fcndet"}]},{"@type":"WebSite","@id":"https:\/\/www.bapp.info\/#website","url":"https:\/\/www.bapp.info\/","name":"BAPP","description":"Bundesinitiative Ambulante Psychiatrische Pflege","publisher":{"@id":"https:\/\/www.bapp.info\/#organization"},"potentialAction":[{"@type":"SearchAction","target":{"@type":"EntryPoint","urlTemplate":"https:\/\/www.bapp.info\/?s={search_term_string}"},"query-input":{"@type":"PropertyValueSpecification","valueRequired":true,"valueName":"search_term_string"}}],"inLanguage":"de"},{"@type":"Organization","@id":"https:\/\/www.bapp.info\/#organization","name":"BAPP e.V.","url":"https:\/\/www.bapp.info\/","logo":{"@type":"ImageObject","inLanguage":"de","@id":"https:\/\/www.bapp.info\/#\/schema\/logo\/image\/","url":"https:\/\/www.bapp.info\/wp-content\/uploads\/2018\/11\/bapp2-schatten-www.png","contentUrl":"https:\/\/www.bapp.info\/wp-content\/uploads\/2018\/11\/bapp2-schatten-www.png","width":1472,"height":880,"caption":"BAPP e.V."},"image":{"@id":"https:\/\/www.bapp.info\/#\/schema\/logo\/image\/"},"sameAs":["https:\/\/www.facebook.com\/BAPPev\/","https:\/\/x.com\/BAPPev"]},{"@type":"Person","@id":"https:\/\/www.bapp.info\/#\/schema\/person\/99493e18f1cc152e00e65c1562a7e1c7","name":"admin","image":{"@type":"ImageObject","inLanguage":"de","@id":"https:\/\/secure.gravatar.com\/avatar\/0926ef2d4df1335839d447e1f78ac79540053397fb7c635cbf6278dc979b59af?s=96&d=mm&r=g","url":"https:\/\/secure.gravatar.com\/avatar\/0926ef2d4df1335839d447e1f78ac79540053397fb7c635cbf6278dc979b59af?s=96&d=mm&r=g","contentUrl":"https:\/\/secure.gravatar.com\/avatar\/0926ef2d4df1335839d447e1f78ac79540053397fb7c635cbf6278dc979b59af?s=96&d=mm&r=g","caption":"admin"}}]}},"_links":{"self":[{"href":"https:\/\/www.bapp.info\/index.php?rest_route=\/wp\/v2\/posts\/472","targetHints":{"allow":["GET"]}}],"collection":[{"href":"https:\/\/www.bapp.info\/index.php?rest_route=\/wp\/v2\/posts"}],"about":[{"href":"https:\/\/www.bapp.info\/index.php?rest_route=\/wp\/v2\/types\/post"}],"author":[{"embeddable":true,"href":"https:\/\/www.bapp.info\/index.php?rest_route=\/wp\/v2\/users\/891"}],"replies":[{"embeddable":true,"href":"https:\/\/www.bapp.info\/index.php?rest_route=%2Fwp%2Fv2%2Fcomments&post=472"}],"version-history":[{"count":1,"href":"https:\/\/www.bapp.info\/index.php?rest_route=\/wp\/v2\/posts\/472\/revisions"}],"predecessor-version":[{"id":3200,"href":"https:\/\/www.bapp.info\/index.php?rest_route=\/wp\/v2\/posts\/472\/revisions\/3200"}],"wp:attachment":[{"href":"https:\/\/www.bapp.info\/index.php?rest_route=%2Fwp%2Fv2%2Fmedia&parent=472"}],"wp:term":[{"taxonomy":"category","embeddable":true,"href":"https:\/\/www.bapp.info\/index.php?rest_route=%2Fwp%2Fv2%2Fcategories&post=472"},{"taxonomy":"post_tag","embeddable":true,"href":"https:\/\/www.bapp.info\/index.php?rest_route=%2Fwp%2Fv2%2Ftags&post=472"}],"curies":[{"name":"wp","href":"https:\/\/api.w.org\/{rel}","templated":true}]}}