{"id":3589,"date":"2025-01-14T12:13:16","date_gmt":"2025-01-14T10:13:16","guid":{"rendered":"https:\/\/www.bapp.info\/?p=3589"},"modified":"2025-01-14T12:14:45","modified_gmt":"2025-01-14T10:14:45","slug":"nein-zu-einem-register-fuer-psychisch-erkrankte-menschen","status":"publish","type":"post","link":"https:\/\/www.bapp.info\/?p=3589","title":{"rendered":"Nein zu einem Register f\u00fcr psychisch erkrankte Menschen!"},"content":{"rendered":"<p class=\"p1\"><b>\ud83d\udce2 Stellungnahme der BAPP: Unterst\u00fctzung f\u00fcr die Deutsche DepressionsLiga e.V.<\/b><\/p>\n<p class=\"p1\">Wir als BAPP schlie\u00dfen uns der <a href=\"https:\/\/depressionsliga.de\/news\/stellungnahme-cdu-generalsekretaer-linnemann-fordert-register-fuer-psychisch-kranke-ein-gefaehrlicher-vorschlag\/\" target=\"_blank\" rel=\"noopener\">Stellungnahme der Deutschen DepressionsLiga e.V.<\/a> ausdr\u00fccklich an und m\u00f6chten unsere uneingeschr\u00e4nkte Unterst\u00fctzung f\u00fcr deren klare Worte gegen\u00fcber den \u00c4u\u00dferungen von CDU-Generalsekret\u00e4r Carsten Linnemann zum Ausdruck bringen.<\/p>\n<p class=\"p1\">Die Forderung nach einem Register f\u00fcr psychisch erkrankte Menschen ist nicht nur stigmatisierend, sondern auch v\u00f6llig unangemessen. Es sch\u00fcrt Vorurteile, kriminalisiert Betroffene und ignoriert die Tatsache, dass psychische Erkrankungen keine freiwillige Entscheidung sind.<\/p>\n<p class=\"p1\">Psychisch erkrankte Menschen pauschal in Verbindung mit Gewalt oder Straff\u00e4lligkeit zu bringen, ist nicht nur fachlich falsch, sondern auch gesellschaftlich gef\u00e4hrlich. Stigmatisierung darf keinen Platz in einer offenen und solidarischen Gesellschaft haben.<\/p>\n<p class=\"p1\">Wir appellieren an die Politik, achtsam mit sensiblen Themen umzugehen und sich f\u00fcr Aufkl\u00e4rung statt Ausgrenzung einzusetzen. Die BAPP steht f\u00fcr eine Gesellschaft, die psychisch erkrankte Menschen unterst\u00fctzt, statt sie in die Ecke zu dr\u00e4ngen.<\/p>\n<p class=\"p1\">\ud83d\udc49\u00a0<b>F\u00fcr eine inklusive Gesellschaft ohne Vorurteile!<\/b><b><\/b><\/p>\n<p class=\"p1\">#DepressionsLiga #BAPP #GegenStigmatisierung #PsychischeGesundheit #Solidarit\u00e4t #Aufkl\u00e4rungStattAusgrenzung<\/p>\n","protected":false},"excerpt":{"rendered":"<p>\ud83d\udce2 Stellungnahme der BAPP: Unterst\u00fctzung f\u00fcr die Deutsche DepressionsLiga e.V. Wir als BAPP schlie\u00dfen uns der Stellungnahme der Deutschen DepressionsLiga e.V. ausdr\u00fccklich an und m\u00f6chten unsere uneingeschr\u00e4nkte Unterst\u00fctzung f\u00fcr deren klare Worte gegen\u00fcber den \u00c4u\u00dferungen von CDU-Generalsekret\u00e4r Carsten Linnemann zum Ausdruck bringen. Die Forderung nach einem Register f\u00fcr psychisch erkrankte Menschen ist nicht nur stigmatisierend, [&hellip;]<\/p>\n","protected":false},"author":891,"featured_media":0,"comment_status":"closed","ping_status":"closed","sticky":false,"template":"","format":"standard","meta":{"ocean_post_layout":"","ocean_both_sidebars_style":"","ocean_both_sidebars_content_width":0,"ocean_both_sidebars_sidebars_width":0,"ocean_sidebar":"0","ocean_second_sidebar":"0","ocean_disable_margins":"enable","ocean_add_body_class":"","ocean_shortcode_before_top_bar":"","ocean_shortcode_after_top_bar":"","ocean_shortcode_before_header":"","ocean_shortcode_after_header":"","ocean_has_shortcode":"","ocean_shortcode_after_title":"","ocean_shortcode_before_footer_widgets":"","ocean_shortcode_after_footer_widgets":"","ocean_shortcode_before_footer_bottom":"","ocean_shortcode_after_footer_bottom":"","ocean_display_top_bar":"default","ocean_display_header":"default","ocean_header_style":"","ocean_center_header_left_menu":"0","ocean_custom_header_template":"0","ocean_custom_logo":0,"ocean_custom_retina_logo":0,"ocean_custom_logo_max_width":0,"ocean_custom_logo_tablet_max_width":0,"ocean_custom_logo_mobile_max_width":0,"ocean_custom_logo_max_height":0,"ocean_custom_logo_tablet_max_height":0,"ocean_custom_logo_mobile_max_height":0,"ocean_header_custom_menu":"0","ocean_menu_typo_font_family":"0","ocean_menu_typo_font_subset":"","ocean_menu_typo_font_size":0,"ocean_menu_typo_font_size_tablet":0,"ocean_menu_typo_font_size_mobile":0,"ocean_menu_typo_font_size_unit":"px","ocean_menu_typo_font_weight":"","ocean_menu_typo_font_weight_tablet":"","ocean_menu_typo_font_weight_mobile":"","ocean_menu_typo_transform":"","ocean_menu_typo_transform_tablet":"","ocean_menu_typo_transform_mobile":"","ocean_menu_typo_line_height":0,"ocean_menu_typo_line_height_tablet":0,"ocean_menu_typo_line_height_mobile":0,"ocean_menu_typo_line_height_unit":"","ocean_menu_typo_spacing":0,"ocean_menu_typo_spacing_tablet":0,"ocean_menu_typo_spacing_mobile":0,"ocean_menu_typo_spacing_unit":"","ocean_menu_link_color":"","ocean_menu_link_color_hover":"","ocean_menu_link_color_active":"","ocean_menu_link_background":"","ocean_menu_link_hover_background":"","ocean_menu_link_active_background":"","ocean_menu_social_links_bg":"","ocean_menu_social_hover_links_bg":"","ocean_menu_social_links_color":"","ocean_menu_social_hover_links_color":"","ocean_disable_title":"default","ocean_disable_heading":"default","ocean_post_title":"","ocean_post_subheading":"","ocean_post_title_style":"","ocean_post_title_background_color":"","ocean_post_title_background":0,"ocean_post_title_bg_image_position":"","ocean_post_title_bg_image_attachment":"","ocean_post_title_bg_image_repeat":"","ocean_post_title_bg_image_size":"","ocean_post_title_height":0,"ocean_post_title_bg_overlay":0.5,"ocean_post_title_bg_overlay_color":"","ocean_disable_breadcrumbs":"default","ocean_breadcrumbs_color":"","ocean_breadcrumbs_separator_color":"","ocean_breadcrumbs_links_color":"","ocean_breadcrumbs_links_hover_color":"","ocean_display_footer_widgets":"default","ocean_display_footer_bottom":"default","ocean_custom_footer_template":"0","ocean_post_oembed":"","ocean_post_self_hosted_media":"","ocean_post_video_embed":"","ocean_link_format":"","ocean_link_format_target":"self","ocean_quote_format":"","ocean_quote_format_link":"post","ocean_gallery_link_images":"on","ocean_gallery_id":[],"footnotes":""},"categories":[1,6],"tags":[31,279,190],"class_list":["post-3589","post","type-post","status-publish","format-standard","hentry","category-allgemein","category-gesundheitspolitik","tag-bapp","tag-solidaritaet","tag-stigmatisierung","entry"],"yoast_head":"<!-- This site is optimized with the Yoast SEO plugin v27.5 - https:\/\/yoast.com\/product\/yoast-seo-wordpress\/ -->\n<title>Nein zu einem Register f\u00fcr psychisch erkrankte Menschen! | BAPP<\/title>\n<meta name=\"robots\" content=\"index, follow, max-snippet:-1, max-image-preview:large, max-video-preview:-1\" \/>\n<link rel=\"canonical\" href=\"https:\/\/www.bapp.info\/?p=3589\" \/>\n<meta property=\"og:locale\" content=\"de_DE\" \/>\n<meta property=\"og:type\" content=\"article\" \/>\n<meta property=\"og:title\" content=\"Nein zu einem Register f\u00fcr psychisch erkrankte Menschen! | BAPP\" \/>\n<meta property=\"og:description\" content=\"\ud83d\udce2 Stellungnahme der BAPP: Unterst\u00fctzung f\u00fcr die Deutsche DepressionsLiga e.V. Wir als BAPP schlie\u00dfen uns der Stellungnahme der Deutschen DepressionsLiga e.V. ausdr\u00fccklich an und m\u00f6chten unsere uneingeschr\u00e4nkte Unterst\u00fctzung f\u00fcr deren klare Worte gegen\u00fcber den \u00c4u\u00dferungen von CDU-Generalsekret\u00e4r Carsten Linnemann zum Ausdruck bringen. Die Forderung nach einem Register f\u00fcr psychisch erkrankte Menschen ist nicht nur stigmatisierend, [&hellip;]\" \/>\n<meta property=\"og:url\" content=\"https:\/\/www.bapp.info\/?p=3589\" \/>\n<meta property=\"og:site_name\" content=\"BAPP\" \/>\n<meta property=\"article:publisher\" content=\"https:\/\/www.facebook.com\/BAPPev\/\" \/>\n<meta property=\"article:published_time\" content=\"2025-01-14T10:13:16+00:00\" \/>\n<meta property=\"article:modified_time\" content=\"2025-01-14T10:14:45+00:00\" \/>\n<meta property=\"og:image\" content=\"https:\/\/www.bapp.info\/wp-content\/uploads\/2018\/11\/bapp2-schatten-www.png\" \/>\n\t<meta property=\"og:image:width\" content=\"1472\" \/>\n\t<meta property=\"og:image:height\" content=\"880\" \/>\n\t<meta property=\"og:image:type\" content=\"image\/png\" \/>\n<meta name=\"author\" content=\"admin\" \/>\n<meta name=\"twitter:card\" content=\"summary_large_image\" \/>\n<meta name=\"twitter:creator\" content=\"@BAPPev\" \/>\n<meta name=\"twitter:site\" content=\"@BAPPev\" \/>\n<meta name=\"twitter:label1\" content=\"Verfasst von\" \/>\n\t<meta name=\"twitter:data1\" content=\"admin\" \/>\n\t<meta name=\"twitter:label2\" content=\"Gesch\u00e4tzte Lesezeit\" \/>\n\t<meta name=\"twitter:data2\" content=\"1\u00a0Minute\" \/>\n<script type=\"application\/ld+json\" class=\"yoast-schema-graph\">{\"@context\":\"https:\\\/\\\/schema.org\",\"@graph\":[{\"@type\":\"Article\",\"@id\":\"https:\\\/\\\/www.bapp.info\\\/?p=3589#article\",\"isPartOf\":{\"@id\":\"https:\\\/\\\/www.bapp.info\\\/?p=3589\"},\"author\":{\"name\":\"admin\",\"@id\":\"https:\\\/\\\/www.bapp.info\\\/#\\\/schema\\\/person\\\/99493e18f1cc152e00e65c1562a7e1c7\"},\"headline\":\"Nein zu einem Register f\u00fcr psychisch erkrankte Menschen!\",\"datePublished\":\"2025-01-14T10:13:16+00:00\",\"dateModified\":\"2025-01-14T10:14:45+00:00\",\"mainEntityOfPage\":{\"@id\":\"https:\\\/\\\/www.bapp.info\\\/?p=3589\"},\"wordCount\":188,\"publisher\":{\"@id\":\"https:\\\/\\\/www.bapp.info\\\/#organization\"},\"keywords\":[\"BAPP\",\"Solidarit\u00e4t\",\"Stigmatisierung\"],\"articleSection\":{\"1\":\"Gesundheitspolitik\"},\"inLanguage\":\"de\"},{\"@type\":\"WebPage\",\"@id\":\"https:\\\/\\\/www.bapp.info\\\/?p=3589\",\"url\":\"https:\\\/\\\/www.bapp.info\\\/?p=3589\",\"name\":\"Nein zu einem Register f\u00fcr psychisch erkrankte Menschen! | BAPP\",\"isPartOf\":{\"@id\":\"https:\\\/\\\/www.bapp.info\\\/#website\"},\"datePublished\":\"2025-01-14T10:13:16+00:00\",\"dateModified\":\"2025-01-14T10:14:45+00:00\",\"breadcrumb\":{\"@id\":\"https:\\\/\\\/www.bapp.info\\\/?p=3589#breadcrumb\"},\"inLanguage\":\"de\",\"potentialAction\":[{\"@type\":\"ReadAction\",\"target\":[\"https:\\\/\\\/www.bapp.info\\\/?p=3589\"]}]},{\"@type\":\"BreadcrumbList\",\"@id\":\"https:\\\/\\\/www.bapp.info\\\/?p=3589#breadcrumb\",\"itemListElement\":[{\"@type\":\"ListItem\",\"position\":1,\"name\":\"Startseite\",\"item\":\"https:\\\/\\\/www.bapp.info\\\/\"},{\"@type\":\"ListItem\",\"position\":2,\"name\":\"Nein zu einem Register f\u00fcr psychisch erkrankte Menschen!\"}]},{\"@type\":\"WebSite\",\"@id\":\"https:\\\/\\\/www.bapp.info\\\/#website\",\"url\":\"https:\\\/\\\/www.bapp.info\\\/\",\"name\":\"BAPP\",\"description\":\"Bundesinitiative Ambulante Psychiatrische Pflege\",\"publisher\":{\"@id\":\"https:\\\/\\\/www.bapp.info\\\/#organization\"},\"potentialAction\":[{\"@type\":\"SearchAction\",\"target\":{\"@type\":\"EntryPoint\",\"urlTemplate\":\"https:\\\/\\\/www.bapp.info\\\/?s={search_term_string}\"},\"query-input\":{\"@type\":\"PropertyValueSpecification\",\"valueRequired\":true,\"valueName\":\"search_term_string\"}}],\"inLanguage\":\"de\"},{\"@type\":\"Organization\",\"@id\":\"https:\\\/\\\/www.bapp.info\\\/#organization\",\"name\":\"BAPP e.V.\",\"url\":\"https:\\\/\\\/www.bapp.info\\\/\",\"logo\":{\"@type\":\"ImageObject\",\"inLanguage\":\"de\",\"@id\":\"https:\\\/\\\/www.bapp.info\\\/#\\\/schema\\\/logo\\\/image\\\/\",\"url\":\"https:\\\/\\\/www.bapp.info\\\/wp-content\\\/uploads\\\/2018\\\/11\\\/bapp2-schatten-www.png\",\"contentUrl\":\"https:\\\/\\\/www.bapp.info\\\/wp-content\\\/uploads\\\/2018\\\/11\\\/bapp2-schatten-www.png\",\"width\":1472,\"height\":880,\"caption\":\"BAPP e.V.\"},\"image\":{\"@id\":\"https:\\\/\\\/www.bapp.info\\\/#\\\/schema\\\/logo\\\/image\\\/\"},\"sameAs\":[\"https:\\\/\\\/www.facebook.com\\\/BAPPev\\\/\",\"https:\\\/\\\/x.com\\\/BAPPev\"]},{\"@type\":\"Person\",\"@id\":\"https:\\\/\\\/www.bapp.info\\\/#\\\/schema\\\/person\\\/99493e18f1cc152e00e65c1562a7e1c7\",\"name\":\"admin\",\"image\":{\"@type\":\"ImageObject\",\"inLanguage\":\"de\",\"@id\":\"https:\\\/\\\/secure.gravatar.com\\\/avatar\\\/0926ef2d4df1335839d447e1f78ac79540053397fb7c635cbf6278dc979b59af?s=96&d=mm&r=g\",\"url\":\"https:\\\/\\\/secure.gravatar.com\\\/avatar\\\/0926ef2d4df1335839d447e1f78ac79540053397fb7c635cbf6278dc979b59af?s=96&d=mm&r=g\",\"contentUrl\":\"https:\\\/\\\/secure.gravatar.com\\\/avatar\\\/0926ef2d4df1335839d447e1f78ac79540053397fb7c635cbf6278dc979b59af?s=96&d=mm&r=g\",\"caption\":\"admin\"}}]}<\/script>\n<!-- \/ Yoast SEO plugin. -->","yoast_head_json":{"title":"Nein zu einem Register f\u00fcr psychisch erkrankte Menschen! | BAPP","robots":{"index":"index","follow":"follow","max-snippet":"max-snippet:-1","max-image-preview":"max-image-preview:large","max-video-preview":"max-video-preview:-1"},"canonical":"https:\/\/www.bapp.info\/?p=3589","og_locale":"de_DE","og_type":"article","og_title":"Nein zu einem Register f\u00fcr psychisch erkrankte Menschen! | BAPP","og_description":"\ud83d\udce2 Stellungnahme der BAPP: Unterst\u00fctzung f\u00fcr die Deutsche DepressionsLiga e.V. Wir als BAPP schlie\u00dfen uns der Stellungnahme der Deutschen DepressionsLiga e.V. ausdr\u00fccklich an und m\u00f6chten unsere uneingeschr\u00e4nkte Unterst\u00fctzung f\u00fcr deren klare Worte gegen\u00fcber den \u00c4u\u00dferungen von CDU-Generalsekret\u00e4r Carsten Linnemann zum Ausdruck bringen. Die Forderung nach einem Register f\u00fcr psychisch erkrankte Menschen ist nicht nur stigmatisierend, [&hellip;]","og_url":"https:\/\/www.bapp.info\/?p=3589","og_site_name":"BAPP","article_publisher":"https:\/\/www.facebook.com\/BAPPev\/","article_published_time":"2025-01-14T10:13:16+00:00","article_modified_time":"2025-01-14T10:14:45+00:00","og_image":[{"width":1472,"height":880,"url":"https:\/\/www.bapp.info\/wp-content\/uploads\/2018\/11\/bapp2-schatten-www.png","type":"image\/png"}],"author":"admin","twitter_card":"summary_large_image","twitter_creator":"@BAPPev","twitter_site":"@BAPPev","twitter_misc":{"Verfasst von":"admin","Gesch\u00e4tzte Lesezeit":"1\u00a0Minute"},"schema":{"@context":"https:\/\/schema.org","@graph":[{"@type":"Article","@id":"https:\/\/www.bapp.info\/?p=3589#article","isPartOf":{"@id":"https:\/\/www.bapp.info\/?p=3589"},"author":{"name":"admin","@id":"https:\/\/www.bapp.info\/#\/schema\/person\/99493e18f1cc152e00e65c1562a7e1c7"},"headline":"Nein zu einem Register f\u00fcr psychisch erkrankte Menschen!","datePublished":"2025-01-14T10:13:16+00:00","dateModified":"2025-01-14T10:14:45+00:00","mainEntityOfPage":{"@id":"https:\/\/www.bapp.info\/?p=3589"},"wordCount":188,"publisher":{"@id":"https:\/\/www.bapp.info\/#organization"},"keywords":["BAPP","Solidarit\u00e4t","Stigmatisierung"],"articleSection":{"1":"Gesundheitspolitik"},"inLanguage":"de"},{"@type":"WebPage","@id":"https:\/\/www.bapp.info\/?p=3589","url":"https:\/\/www.bapp.info\/?p=3589","name":"Nein zu einem Register f\u00fcr psychisch erkrankte Menschen! | BAPP","isPartOf":{"@id":"https:\/\/www.bapp.info\/#website"},"datePublished":"2025-01-14T10:13:16+00:00","dateModified":"2025-01-14T10:14:45+00:00","breadcrumb":{"@id":"https:\/\/www.bapp.info\/?p=3589#breadcrumb"},"inLanguage":"de","potentialAction":[{"@type":"ReadAction","target":["https:\/\/www.bapp.info\/?p=3589"]}]},{"@type":"BreadcrumbList","@id":"https:\/\/www.bapp.info\/?p=3589#breadcrumb","itemListElement":[{"@type":"ListItem","position":1,"name":"Startseite","item":"https:\/\/www.bapp.info\/"},{"@type":"ListItem","position":2,"name":"Nein zu einem Register f\u00fcr psychisch erkrankte Menschen!"}]},{"@type":"WebSite","@id":"https:\/\/www.bapp.info\/#website","url":"https:\/\/www.bapp.info\/","name":"BAPP","description":"Bundesinitiative Ambulante Psychiatrische Pflege","publisher":{"@id":"https:\/\/www.bapp.info\/#organization"},"potentialAction":[{"@type":"SearchAction","target":{"@type":"EntryPoint","urlTemplate":"https:\/\/www.bapp.info\/?s={search_term_string}"},"query-input":{"@type":"PropertyValueSpecification","valueRequired":true,"valueName":"search_term_string"}}],"inLanguage":"de"},{"@type":"Organization","@id":"https:\/\/www.bapp.info\/#organization","name":"BAPP e.V.","url":"https:\/\/www.bapp.info\/","logo":{"@type":"ImageObject","inLanguage":"de","@id":"https:\/\/www.bapp.info\/#\/schema\/logo\/image\/","url":"https:\/\/www.bapp.info\/wp-content\/uploads\/2018\/11\/bapp2-schatten-www.png","contentUrl":"https:\/\/www.bapp.info\/wp-content\/uploads\/2018\/11\/bapp2-schatten-www.png","width":1472,"height":880,"caption":"BAPP e.V."},"image":{"@id":"https:\/\/www.bapp.info\/#\/schema\/logo\/image\/"},"sameAs":["https:\/\/www.facebook.com\/BAPPev\/","https:\/\/x.com\/BAPPev"]},{"@type":"Person","@id":"https:\/\/www.bapp.info\/#\/schema\/person\/99493e18f1cc152e00e65c1562a7e1c7","name":"admin","image":{"@type":"ImageObject","inLanguage":"de","@id":"https:\/\/secure.gravatar.com\/avatar\/0926ef2d4df1335839d447e1f78ac79540053397fb7c635cbf6278dc979b59af?s=96&d=mm&r=g","url":"https:\/\/secure.gravatar.com\/avatar\/0926ef2d4df1335839d447e1f78ac79540053397fb7c635cbf6278dc979b59af?s=96&d=mm&r=g","contentUrl":"https:\/\/secure.gravatar.com\/avatar\/0926ef2d4df1335839d447e1f78ac79540053397fb7c635cbf6278dc979b59af?s=96&d=mm&r=g","caption":"admin"}}]}},"_links":{"self":[{"href":"https:\/\/www.bapp.info\/index.php?rest_route=\/wp\/v2\/posts\/3589","targetHints":{"allow":["GET"]}}],"collection":[{"href":"https:\/\/www.bapp.info\/index.php?rest_route=\/wp\/v2\/posts"}],"about":[{"href":"https:\/\/www.bapp.info\/index.php?rest_route=\/wp\/v2\/types\/post"}],"author":[{"embeddable":true,"href":"https:\/\/www.bapp.info\/index.php?rest_route=\/wp\/v2\/users\/891"}],"replies":[{"embeddable":true,"href":"https:\/\/www.bapp.info\/index.php?rest_route=%2Fwp%2Fv2%2Fcomments&post=3589"}],"version-history":[{"count":1,"href":"https:\/\/www.bapp.info\/index.php?rest_route=\/wp\/v2\/posts\/3589\/revisions"}],"predecessor-version":[{"id":3590,"href":"https:\/\/www.bapp.info\/index.php?rest_route=\/wp\/v2\/posts\/3589\/revisions\/3590"}],"wp:attachment":[{"href":"https:\/\/www.bapp.info\/index.php?rest_route=%2Fwp%2Fv2%2Fmedia&parent=3589"}],"wp:term":[{"taxonomy":"category","embeddable":true,"href":"https:\/\/www.bapp.info\/index.php?rest_route=%2Fwp%2Fv2%2Fcategories&post=3589"},{"taxonomy":"post_tag","embeddable":true,"href":"https:\/\/www.bapp.info\/index.php?rest_route=%2Fwp%2Fv2%2Ftags&post=3589"}],"curies":[{"name":"wp","href":"https:\/\/api.w.org\/{rel}","templated":true}]}}