{"id":3554,"date":"2024-03-22T17:40:30","date_gmt":"2024-03-22T15:40:30","guid":{"rendered":"https:\/\/www.bapp.info\/?p=3554"},"modified":"2024-03-22T17:40:30","modified_gmt":"2024-03-22T15:40:30","slug":"verbaendedialog-psychiatrische-pflege-trifft-sich-in-frankfurt-am-main","status":"publish","type":"post","link":"https:\/\/www.bapp.info\/?p=3554","title":{"rendered":"Verb\u00e4ndedialog Psychiatrische Pflege trifft sich in Frankfurt am Main"},"content":{"rendered":"<p><strong>Gemeinsame Positionen finden<\/strong><br \/>\n<strong>Verb\u00e4ndedialog Psychiatrische Pflege trifft sich in Frankfurt am Main<\/strong><\/p>\n<p><span class=\"f1\">Es gab Gelegenheiten zum Feiern und M\u00f6glichkeiten, den einen oder anderen <\/span><span class=\"f1\">Diskussionsprozess f\u00fcr psychiatrisch Pflegende anzusto\u00dfen. So traf sich der Verb\u00e4ndedialog Psychiatrische Pflege am 8. und 9. M\u00e4rz in den R\u00e4umen der Frankfurter Werkgemeinschaft. Seit nunmehr zehn Jahren treffen sich nun die Vertreterinnen und Vertreter der psychiatrischen Pflegeverb\u00e4nde, um an gegenw\u00e4rtigen Themen zu arbeiten sowie um gemeinsame Positionen f\u00fcr berufsfachliche und politische Diskurse zu finden. Hilde Sch\u00e4dle-Deininger und Gerhard F\u00f6rster, die viele Jahre den Verb\u00e4ndedialog Psychiatrische Pf<\/span><span class=\"f1\">lege gepr\u00e4gt hatten, verabschiedeten sich. Dass auch in den kommenden zehn Jahren viel Arbeit auf den Verb\u00e4ndedialog Psychiatrische Pflege warten wird, zeigten die vielen Diskussionen um das zu erwartende Pflegekompetenz<\/span><span class=\"f1\">gesetz, um das Selbstverst\u00e4ndnis psychiatrisch Pflegender und um die Pflegebildung.<\/span><\/p>\n<p><a href=\"http:\/\/psychiatrische-pflege.net\/wp-content\/uploads\/2024\/03\/Verb\u00e4ndedialog-2024-Frankfurt.jpg\"><img loading=\"lazy\" decoding=\"async\" class=\"alignnone size-large wp-image-1071\" src=\"http:\/\/psychiatrische-pflege.net\/wp-content\/uploads\/2024\/03\/Verb\u00e4ndedialog-2024-Frankfurt-1024x658.jpg\" alt=\"\" width=\"1024\" height=\"658\" \/><\/a><\/p>\n<p><span class=\"f1\">Die engagierten Kolleg:innen im Verb\u00e4ndedialog Psychiatrische Pflege (von links nach rechts): Ingo Tschinke (Deutsche Gesellschaft f\u00fcr Pflegewissenschaft, DGP), Kirsten Sartorius (Bundesarbeitsgemeinschaft Leitender Mitarbeiterinnen und Mitarbeiter des Pflege- und Erziehungsdienstes kinder- und jugendpsychiatrischer Kliniken und Abteilungen e.V., BAG-PED), Peter Roddau (Bundesinitiative Ambulante Psychiatrische Pflege, BAPP), Ulrike Dogue (Bundesfachvereinigung Leitender Krankenpflegepersonen in de<\/span><span class=\"f1\">r Psychiatrie, BFLK), Christoph M\u00fcller (Deutsche Gesellschaft f\u00fcr Soziale Psychiatrie, DGSP), Dorothea Sauter (Deutsche Fachgesellschaft Psychiatrische Pflege, DFPP), Stefan Scheydt (Referat Psychiatrische Pflege in der Deutschen Gesellschaft f\u00fcr Psychiatrie und Psychotherapie, Psychosomatik und Nervenheilkunde, DGPPN), Gerhard F\u00f6rster (BAG-PED), Thomas Linnemann (BAG-PED), Hilde Sch\u00e4dle-Deininger (DGSP), Silke Ludowisy-Dehl (BFLK), Stefanie Lutz-Scheidt (BAPP)<br \/>\n<\/span><\/p>\n","protected":false},"excerpt":{"rendered":"<p>Gemeinsame Positionen finden Verb\u00e4ndedialog Psychiatrische Pflege trifft sich in Frankfurt am Main Es gab Gelegenheiten zum Feiern und M\u00f6glichkeiten, den einen oder anderen Diskussionsprozess f\u00fcr psychiatrisch Pflegende anzusto\u00dfen. So traf sich der Verb\u00e4ndedialog Psychiatrische Pflege am 8. und 9. M\u00e4rz in den R\u00e4umen der Frankfurter Werkgemeinschaft. Seit nunmehr zehn Jahren treffen sich nun die Vertreterinnen [&hellip;]<\/p>\n","protected":false},"author":891,"featured_media":0,"comment_status":"closed","ping_status":"closed","sticky":false,"template":"","format":"standard","meta":{"ocean_post_layout":"","ocean_both_sidebars_style":"","ocean_both_sidebars_content_width":0,"ocean_both_sidebars_sidebars_width":0,"ocean_sidebar":"0","ocean_second_sidebar":"0","ocean_disable_margins":"enable","ocean_add_body_class":"","ocean_shortcode_before_top_bar":"","ocean_shortcode_after_top_bar":"","ocean_shortcode_before_header":"","ocean_shortcode_after_header":"","ocean_has_shortcode":"","ocean_shortcode_after_title":"","ocean_shortcode_before_footer_widgets":"","ocean_shortcode_after_footer_widgets":"","ocean_shortcode_before_footer_bottom":"","ocean_shortcode_after_footer_bottom":"","ocean_display_top_bar":"default","ocean_display_header":"default","ocean_header_style":"","ocean_center_header_left_menu":"0","ocean_custom_header_template":"0","ocean_custom_logo":0,"ocean_custom_retina_logo":0,"ocean_custom_logo_max_width":0,"ocean_custom_logo_tablet_max_width":0,"ocean_custom_logo_mobile_max_width":0,"ocean_custom_logo_max_height":0,"ocean_custom_logo_tablet_max_height":0,"ocean_custom_logo_mobile_max_height":0,"ocean_header_custom_menu":"0","ocean_menu_typo_font_family":"0","ocean_menu_typo_font_subset":"","ocean_menu_typo_font_size":0,"ocean_menu_typo_font_size_tablet":0,"ocean_menu_typo_font_size_mobile":0,"ocean_menu_typo_font_size_unit":"px","ocean_menu_typo_font_weight":"","ocean_menu_typo_font_weight_tablet":"","ocean_menu_typo_font_weight_mobile":"","ocean_menu_typo_transform":"","ocean_menu_typo_transform_tablet":"","ocean_menu_typo_transform_mobile":"","ocean_menu_typo_line_height":0,"ocean_menu_typo_line_height_tablet":0,"ocean_menu_typo_line_height_mobile":0,"ocean_menu_typo_line_height_unit":"","ocean_menu_typo_spacing":0,"ocean_menu_typo_spacing_tablet":0,"ocean_menu_typo_spacing_mobile":0,"ocean_menu_typo_spacing_unit":"","ocean_menu_link_color":"","ocean_menu_link_color_hover":"","ocean_menu_link_color_active":"","ocean_menu_link_background":"","ocean_menu_link_hover_background":"","ocean_menu_link_active_background":"","ocean_menu_social_links_bg":"","ocean_menu_social_hover_links_bg":"","ocean_menu_social_links_color":"","ocean_menu_social_hover_links_color":"","ocean_disable_title":"default","ocean_disable_heading":"default","ocean_post_title":"","ocean_post_subheading":"","ocean_post_title_style":"","ocean_post_title_background_color":"","ocean_post_title_background":0,"ocean_post_title_bg_image_position":"","ocean_post_title_bg_image_attachment":"","ocean_post_title_bg_image_repeat":"","ocean_post_title_bg_image_size":"","ocean_post_title_height":0,"ocean_post_title_bg_overlay":0.5,"ocean_post_title_bg_overlay_color":"","ocean_disable_breadcrumbs":"default","ocean_breadcrumbs_color":"","ocean_breadcrumbs_separator_color":"","ocean_breadcrumbs_links_color":"","ocean_breadcrumbs_links_hover_color":"","ocean_display_footer_widgets":"default","ocean_display_footer_bottom":"default","ocean_custom_footer_template":"0","ocean_post_oembed":"","ocean_post_self_hosted_media":"","ocean_post_video_embed":"","ocean_link_format":"","ocean_link_format_target":"self","ocean_quote_format":"","ocean_quote_format_link":"post","ocean_gallery_link_images":"off","ocean_gallery_id":[],"footnotes":""},"categories":[4,8],"tags":[187],"class_list":["post-3554","post","type-post","status-publish","format-standard","hentry","category-berufspolitik","category-psychiatrische-pflege","tag-verbaendedialog","entry"],"yoast_head":"<!-- This site is optimized with the Yoast SEO plugin v27.5 - https:\/\/yoast.com\/product\/yoast-seo-wordpress\/ -->\n<title>Verb\u00e4ndedialog Psychiatrische Pflege trifft sich in Frankfurt am Main | BAPP<\/title>\n<meta name=\"robots\" content=\"index, follow, max-snippet:-1, max-image-preview:large, max-video-preview:-1\" \/>\n<link rel=\"canonical\" href=\"https:\/\/www.bapp.info\/?p=3554\" \/>\n<meta property=\"og:locale\" content=\"de_DE\" \/>\n<meta property=\"og:type\" content=\"article\" \/>\n<meta property=\"og:title\" content=\"Verb\u00e4ndedialog Psychiatrische Pflege trifft sich in Frankfurt am Main | BAPP\" \/>\n<meta property=\"og:description\" content=\"Gemeinsame Positionen finden Verb\u00e4ndedialog Psychiatrische Pflege trifft sich in Frankfurt am Main Es gab Gelegenheiten zum Feiern und M\u00f6glichkeiten, den einen oder anderen Diskussionsprozess f\u00fcr psychiatrisch Pflegende anzusto\u00dfen. So traf sich der Verb\u00e4ndedialog Psychiatrische Pflege am 8. und 9. M\u00e4rz in den R\u00e4umen der Frankfurter Werkgemeinschaft. Seit nunmehr zehn Jahren treffen sich nun die Vertreterinnen [&hellip;]\" \/>\n<meta property=\"og:url\" content=\"https:\/\/www.bapp.info\/?p=3554\" \/>\n<meta property=\"og:site_name\" content=\"BAPP\" \/>\n<meta property=\"article:publisher\" content=\"https:\/\/www.facebook.com\/BAPPev\/\" \/>\n<meta property=\"article:published_time\" content=\"2024-03-22T15:40:30+00:00\" \/>\n<meta property=\"og:image\" content=\"https:\/\/www.bapp.info\/wp-content\/uploads\/2018\/11\/bapp2-schatten-www.png\" \/>\n\t<meta property=\"og:image:width\" content=\"1472\" \/>\n\t<meta property=\"og:image:height\" content=\"880\" \/>\n\t<meta property=\"og:image:type\" content=\"image\/png\" \/>\n<meta name=\"author\" content=\"admin\" \/>\n<meta name=\"twitter:card\" content=\"summary_large_image\" \/>\n<meta name=\"twitter:creator\" content=\"@BAPPev\" \/>\n<meta name=\"twitter:site\" content=\"@BAPPev\" \/>\n<meta name=\"twitter:label1\" content=\"Verfasst von\" \/>\n\t<meta name=\"twitter:data1\" content=\"admin\" \/>\n\t<meta name=\"twitter:label2\" content=\"Gesch\u00e4tzte Lesezeit\" \/>\n\t<meta name=\"twitter:data2\" content=\"1\u00a0Minute\" \/>\n<script type=\"application\/ld+json\" class=\"yoast-schema-graph\">{\"@context\":\"https:\\\/\\\/schema.org\",\"@graph\":[{\"@type\":\"Article\",\"@id\":\"https:\\\/\\\/www.bapp.info\\\/?p=3554#article\",\"isPartOf\":{\"@id\":\"https:\\\/\\\/www.bapp.info\\\/?p=3554\"},\"author\":{\"name\":\"admin\",\"@id\":\"https:\\\/\\\/www.bapp.info\\\/#\\\/schema\\\/person\\\/99493e18f1cc152e00e65c1562a7e1c7\"},\"headline\":\"Verb\u00e4ndedialog Psychiatrische Pflege trifft sich in Frankfurt am Main\",\"datePublished\":\"2024-03-22T15:40:30+00:00\",\"mainEntityOfPage\":{\"@id\":\"https:\\\/\\\/www.bapp.info\\\/?p=3554\"},\"wordCount\":263,\"publisher\":{\"@id\":\"https:\\\/\\\/www.bapp.info\\\/#organization\"},\"keywords\":[\"Verb\u00e4ndedialog\"],\"articleSection\":[\"Berufspolitik\",\"Psychiatrische Pflege\"],\"inLanguage\":\"de\"},{\"@type\":\"WebPage\",\"@id\":\"https:\\\/\\\/www.bapp.info\\\/?p=3554\",\"url\":\"https:\\\/\\\/www.bapp.info\\\/?p=3554\",\"name\":\"Verb\u00e4ndedialog Psychiatrische Pflege trifft sich in Frankfurt am Main | BAPP\",\"isPartOf\":{\"@id\":\"https:\\\/\\\/www.bapp.info\\\/#website\"},\"datePublished\":\"2024-03-22T15:40:30+00:00\",\"breadcrumb\":{\"@id\":\"https:\\\/\\\/www.bapp.info\\\/?p=3554#breadcrumb\"},\"inLanguage\":\"de\",\"potentialAction\":[{\"@type\":\"ReadAction\",\"target\":[\"https:\\\/\\\/www.bapp.info\\\/?p=3554\"]}]},{\"@type\":\"BreadcrumbList\",\"@id\":\"https:\\\/\\\/www.bapp.info\\\/?p=3554#breadcrumb\",\"itemListElement\":[{\"@type\":\"ListItem\",\"position\":1,\"name\":\"Startseite\",\"item\":\"https:\\\/\\\/www.bapp.info\\\/\"},{\"@type\":\"ListItem\",\"position\":2,\"name\":\"Verb\u00e4ndedialog Psychiatrische Pflege trifft sich in Frankfurt am Main\"}]},{\"@type\":\"WebSite\",\"@id\":\"https:\\\/\\\/www.bapp.info\\\/#website\",\"url\":\"https:\\\/\\\/www.bapp.info\\\/\",\"name\":\"BAPP\",\"description\":\"Bundesinitiative Ambulante Psychiatrische Pflege\",\"publisher\":{\"@id\":\"https:\\\/\\\/www.bapp.info\\\/#organization\"},\"potentialAction\":[{\"@type\":\"SearchAction\",\"target\":{\"@type\":\"EntryPoint\",\"urlTemplate\":\"https:\\\/\\\/www.bapp.info\\\/?s={search_term_string}\"},\"query-input\":{\"@type\":\"PropertyValueSpecification\",\"valueRequired\":true,\"valueName\":\"search_term_string\"}}],\"inLanguage\":\"de\"},{\"@type\":\"Organization\",\"@id\":\"https:\\\/\\\/www.bapp.info\\\/#organization\",\"name\":\"BAPP e.V.\",\"url\":\"https:\\\/\\\/www.bapp.info\\\/\",\"logo\":{\"@type\":\"ImageObject\",\"inLanguage\":\"de\",\"@id\":\"https:\\\/\\\/www.bapp.info\\\/#\\\/schema\\\/logo\\\/image\\\/\",\"url\":\"https:\\\/\\\/www.bapp.info\\\/wp-content\\\/uploads\\\/2018\\\/11\\\/bapp2-schatten-www.png\",\"contentUrl\":\"https:\\\/\\\/www.bapp.info\\\/wp-content\\\/uploads\\\/2018\\\/11\\\/bapp2-schatten-www.png\",\"width\":1472,\"height\":880,\"caption\":\"BAPP e.V.\"},\"image\":{\"@id\":\"https:\\\/\\\/www.bapp.info\\\/#\\\/schema\\\/logo\\\/image\\\/\"},\"sameAs\":[\"https:\\\/\\\/www.facebook.com\\\/BAPPev\\\/\",\"https:\\\/\\\/x.com\\\/BAPPev\"]},{\"@type\":\"Person\",\"@id\":\"https:\\\/\\\/www.bapp.info\\\/#\\\/schema\\\/person\\\/99493e18f1cc152e00e65c1562a7e1c7\",\"name\":\"admin\",\"image\":{\"@type\":\"ImageObject\",\"inLanguage\":\"de\",\"@id\":\"https:\\\/\\\/secure.gravatar.com\\\/avatar\\\/0926ef2d4df1335839d447e1f78ac79540053397fb7c635cbf6278dc979b59af?s=96&d=mm&r=g\",\"url\":\"https:\\\/\\\/secure.gravatar.com\\\/avatar\\\/0926ef2d4df1335839d447e1f78ac79540053397fb7c635cbf6278dc979b59af?s=96&d=mm&r=g\",\"contentUrl\":\"https:\\\/\\\/secure.gravatar.com\\\/avatar\\\/0926ef2d4df1335839d447e1f78ac79540053397fb7c635cbf6278dc979b59af?s=96&d=mm&r=g\",\"caption\":\"admin\"}}]}<\/script>\n<!-- \/ Yoast SEO plugin. -->","yoast_head_json":{"title":"Verb\u00e4ndedialog Psychiatrische Pflege trifft sich in Frankfurt am Main | BAPP","robots":{"index":"index","follow":"follow","max-snippet":"max-snippet:-1","max-image-preview":"max-image-preview:large","max-video-preview":"max-video-preview:-1"},"canonical":"https:\/\/www.bapp.info\/?p=3554","og_locale":"de_DE","og_type":"article","og_title":"Verb\u00e4ndedialog Psychiatrische Pflege trifft sich in Frankfurt am Main | BAPP","og_description":"Gemeinsame Positionen finden Verb\u00e4ndedialog Psychiatrische Pflege trifft sich in Frankfurt am Main Es gab Gelegenheiten zum Feiern und M\u00f6glichkeiten, den einen oder anderen Diskussionsprozess f\u00fcr psychiatrisch Pflegende anzusto\u00dfen. So traf sich der Verb\u00e4ndedialog Psychiatrische Pflege am 8. und 9. M\u00e4rz in den R\u00e4umen der Frankfurter Werkgemeinschaft. Seit nunmehr zehn Jahren treffen sich nun die Vertreterinnen [&hellip;]","og_url":"https:\/\/www.bapp.info\/?p=3554","og_site_name":"BAPP","article_publisher":"https:\/\/www.facebook.com\/BAPPev\/","article_published_time":"2024-03-22T15:40:30+00:00","og_image":[{"width":1472,"height":880,"url":"https:\/\/www.bapp.info\/wp-content\/uploads\/2018\/11\/bapp2-schatten-www.png","type":"image\/png"}],"author":"admin","twitter_card":"summary_large_image","twitter_creator":"@BAPPev","twitter_site":"@BAPPev","twitter_misc":{"Verfasst von":"admin","Gesch\u00e4tzte Lesezeit":"1\u00a0Minute"},"schema":{"@context":"https:\/\/schema.org","@graph":[{"@type":"Article","@id":"https:\/\/www.bapp.info\/?p=3554#article","isPartOf":{"@id":"https:\/\/www.bapp.info\/?p=3554"},"author":{"name":"admin","@id":"https:\/\/www.bapp.info\/#\/schema\/person\/99493e18f1cc152e00e65c1562a7e1c7"},"headline":"Verb\u00e4ndedialog Psychiatrische Pflege trifft sich in Frankfurt am Main","datePublished":"2024-03-22T15:40:30+00:00","mainEntityOfPage":{"@id":"https:\/\/www.bapp.info\/?p=3554"},"wordCount":263,"publisher":{"@id":"https:\/\/www.bapp.info\/#organization"},"keywords":["Verb\u00e4ndedialog"],"articleSection":["Berufspolitik","Psychiatrische Pflege"],"inLanguage":"de"},{"@type":"WebPage","@id":"https:\/\/www.bapp.info\/?p=3554","url":"https:\/\/www.bapp.info\/?p=3554","name":"Verb\u00e4ndedialog Psychiatrische Pflege trifft sich in Frankfurt am Main | BAPP","isPartOf":{"@id":"https:\/\/www.bapp.info\/#website"},"datePublished":"2024-03-22T15:40:30+00:00","breadcrumb":{"@id":"https:\/\/www.bapp.info\/?p=3554#breadcrumb"},"inLanguage":"de","potentialAction":[{"@type":"ReadAction","target":["https:\/\/www.bapp.info\/?p=3554"]}]},{"@type":"BreadcrumbList","@id":"https:\/\/www.bapp.info\/?p=3554#breadcrumb","itemListElement":[{"@type":"ListItem","position":1,"name":"Startseite","item":"https:\/\/www.bapp.info\/"},{"@type":"ListItem","position":2,"name":"Verb\u00e4ndedialog Psychiatrische Pflege trifft sich in Frankfurt am Main"}]},{"@type":"WebSite","@id":"https:\/\/www.bapp.info\/#website","url":"https:\/\/www.bapp.info\/","name":"BAPP","description":"Bundesinitiative Ambulante Psychiatrische Pflege","publisher":{"@id":"https:\/\/www.bapp.info\/#organization"},"potentialAction":[{"@type":"SearchAction","target":{"@type":"EntryPoint","urlTemplate":"https:\/\/www.bapp.info\/?s={search_term_string}"},"query-input":{"@type":"PropertyValueSpecification","valueRequired":true,"valueName":"search_term_string"}}],"inLanguage":"de"},{"@type":"Organization","@id":"https:\/\/www.bapp.info\/#organization","name":"BAPP e.V.","url":"https:\/\/www.bapp.info\/","logo":{"@type":"ImageObject","inLanguage":"de","@id":"https:\/\/www.bapp.info\/#\/schema\/logo\/image\/","url":"https:\/\/www.bapp.info\/wp-content\/uploads\/2018\/11\/bapp2-schatten-www.png","contentUrl":"https:\/\/www.bapp.info\/wp-content\/uploads\/2018\/11\/bapp2-schatten-www.png","width":1472,"height":880,"caption":"BAPP e.V."},"image":{"@id":"https:\/\/www.bapp.info\/#\/schema\/logo\/image\/"},"sameAs":["https:\/\/www.facebook.com\/BAPPev\/","https:\/\/x.com\/BAPPev"]},{"@type":"Person","@id":"https:\/\/www.bapp.info\/#\/schema\/person\/99493e18f1cc152e00e65c1562a7e1c7","name":"admin","image":{"@type":"ImageObject","inLanguage":"de","@id":"https:\/\/secure.gravatar.com\/avatar\/0926ef2d4df1335839d447e1f78ac79540053397fb7c635cbf6278dc979b59af?s=96&d=mm&r=g","url":"https:\/\/secure.gravatar.com\/avatar\/0926ef2d4df1335839d447e1f78ac79540053397fb7c635cbf6278dc979b59af?s=96&d=mm&r=g","contentUrl":"https:\/\/secure.gravatar.com\/avatar\/0926ef2d4df1335839d447e1f78ac79540053397fb7c635cbf6278dc979b59af?s=96&d=mm&r=g","caption":"admin"}}]}},"_links":{"self":[{"href":"https:\/\/www.bapp.info\/index.php?rest_route=\/wp\/v2\/posts\/3554","targetHints":{"allow":["GET"]}}],"collection":[{"href":"https:\/\/www.bapp.info\/index.php?rest_route=\/wp\/v2\/posts"}],"about":[{"href":"https:\/\/www.bapp.info\/index.php?rest_route=\/wp\/v2\/types\/post"}],"author":[{"embeddable":true,"href":"https:\/\/www.bapp.info\/index.php?rest_route=\/wp\/v2\/users\/891"}],"replies":[{"embeddable":true,"href":"https:\/\/www.bapp.info\/index.php?rest_route=%2Fwp%2Fv2%2Fcomments&post=3554"}],"version-history":[{"count":1,"href":"https:\/\/www.bapp.info\/index.php?rest_route=\/wp\/v2\/posts\/3554\/revisions"}],"predecessor-version":[{"id":3555,"href":"https:\/\/www.bapp.info\/index.php?rest_route=\/wp\/v2\/posts\/3554\/revisions\/3555"}],"wp:attachment":[{"href":"https:\/\/www.bapp.info\/index.php?rest_route=%2Fwp%2Fv2%2Fmedia&parent=3554"}],"wp:term":[{"taxonomy":"category","embeddable":true,"href":"https:\/\/www.bapp.info\/index.php?rest_route=%2Fwp%2Fv2%2Fcategories&post=3554"},{"taxonomy":"post_tag","embeddable":true,"href":"https:\/\/www.bapp.info\/index.php?rest_route=%2Fwp%2Fv2%2Ftags&post=3554"}],"curies":[{"name":"wp","href":"https:\/\/api.w.org\/{rel}","templated":true}]}}