{"id":3179,"date":"2020-11-23T10:42:50","date_gmt":"2020-11-23T08:42:50","guid":{"rendered":"https:\/\/www.bapp.info\/?p=3179"},"modified":"2020-11-23T10:42:50","modified_gmt":"2020-11-23T08:42:50","slug":"stellungnahme-zur-diskussion-im-4-dialogforum-des-bmg","status":"publish","type":"post","link":"https:\/\/www.bapp.info\/?p=3179","title":{"rendered":"Stellungnahme zur Diskussion im 4. Dialogforum des BMG"},"content":{"rendered":"<p>Das Bundesministerium f\u00fcr Gesundheit (BMG) hat in dieser Legislaturperiode zu einem <a href=\"https:\/\/www.psychiatriedialog.de\/startseite\" target=\"_blank\" rel=\"noopener noreferrer\">Psychiatriedialog<\/a> \u00fcber die Weiterentwicklung der Hilfen f\u00fcr psychisch erkrankte Menschen eingeladen. Zu diesem von der Aktion Psychisch Kranke e.V. (APK) koordinierten Dialog ist auch die DFPP eingeladen. Im vierten Dialogforum zum Thema \u201ePersonenzentrierte Versorgung \u2013 Vernetzung und Kooperation\u201c soll es \u00fcber Formen und Perspektiven sektor\u00fcbergreifender Behandlung, stations\u00e4quivalente Behandlung, Koordination ambulanter Hilfen und integrierte Behandlungs- und Rehabilitationsplanung gehen.<\/p>\n<p>Die <a href=\"https:\/\/dfpp.de\" target=\"_blank\" rel=\"noopener noreferrer\">DFPP<\/a> hat sich zusammen mit der\u00a0 BAPP und der <a href=\"https:\/\/dg-pflegewissenschaft.de\/sektionen\/pflege-und-gesellschaft\/psychiatrische-pflegeforschung\/\" target=\"_blank\" rel=\"noopener noreferrer\">Sektion Psychiatrische Pflegeforschung der DGP<\/a> an diesem Dialog beteiligt und formuliert und macht beispielsweise folgende Vorschl\u00e4ge zu folgenden Bereichen:<\/p>\n<ol>\n<li>Entwicklung eines &#8220;Masterplans&#8221; Versorgungsplanung<\/li>\n<li>St\u00e4rkung der kommunalen Verantwortung und verbindliche kommunale Netzwerke f\u00fcr gemeindepsychiatrische Akteure<\/li>\n<li>Koordinierende, kontinuierliche, bei Bedarf nachgehende Hilfen in jeder Gemeinde vorhalten und st\u00e4rken<\/li>\n<li>Sektoren\u00fcbergreifender Behandlungs- und Hilfeplan<\/li>\n<\/ol>\n<p>Die Details unserer Forderungen finden Sie in unserer <a href=\"https:\/\/dfpp.de\/wp-content\/uploads\/2020\/11\/2020-11-SN_Personorient-KooperationKoordination.pdf\" target=\"_blank\" rel=\"noopener noreferrer\">Stellungnahme zur Diskussion im 4. Dialogforum \u201ePersonenzentrierte Versorgung \u2013 Vernetzung und Kooperation\u201c<\/a>.<\/p>\n","protected":false},"excerpt":{"rendered":"<p>Das Bundesministerium f\u00fcr Gesundheit (BMG) hat in dieser Legislaturperiode zu einem Psychiatriedialog \u00fcber die Weiterentwicklung der Hilfen f\u00fcr psychisch erkrankte Menschen eingeladen. Zu diesem von der Aktion Psychisch Kranke e.V. (APK) koordinierten Dialog ist auch die DFPP eingeladen. Im vierten Dialogforum zum Thema \u201ePersonenzentrierte Versorgung \u2013 Vernetzung und Kooperation\u201c soll es \u00fcber Formen und Perspektiven [&hellip;]<\/p>\n","protected":false},"author":891,"featured_media":0,"comment_status":"closed","ping_status":"closed","sticky":false,"template":"","format":"standard","meta":{"ocean_post_layout":"","ocean_both_sidebars_style":"","ocean_both_sidebars_content_width":0,"ocean_both_sidebars_sidebars_width":0,"ocean_sidebar":"0","ocean_second_sidebar":"0","ocean_disable_margins":"enable","ocean_add_body_class":"","ocean_shortcode_before_top_bar":"","ocean_shortcode_after_top_bar":"","ocean_shortcode_before_header":"","ocean_shortcode_after_header":"","ocean_has_shortcode":"","ocean_shortcode_after_title":"","ocean_shortcode_before_footer_widgets":"","ocean_shortcode_after_footer_widgets":"","ocean_shortcode_before_footer_bottom":"","ocean_shortcode_after_footer_bottom":"","ocean_display_top_bar":"default","ocean_display_header":"default","ocean_header_style":"","ocean_center_header_left_menu":"0","ocean_custom_header_template":"0","ocean_custom_logo":0,"ocean_custom_retina_logo":0,"ocean_custom_logo_max_width":0,"ocean_custom_logo_tablet_max_width":0,"ocean_custom_logo_mobile_max_width":0,"ocean_custom_logo_max_height":0,"ocean_custom_logo_tablet_max_height":0,"ocean_custom_logo_mobile_max_height":0,"ocean_header_custom_menu":"0","ocean_menu_typo_font_family":"0","ocean_menu_typo_font_subset":"","ocean_menu_typo_font_size":0,"ocean_menu_typo_font_size_tablet":0,"ocean_menu_typo_font_size_mobile":0,"ocean_menu_typo_font_size_unit":"px","ocean_menu_typo_font_weight":"","ocean_menu_typo_font_weight_tablet":"","ocean_menu_typo_font_weight_mobile":"","ocean_menu_typo_transform":"","ocean_menu_typo_transform_tablet":"","ocean_menu_typo_transform_mobile":"","ocean_menu_typo_line_height":0,"ocean_menu_typo_line_height_tablet":0,"ocean_menu_typo_line_height_mobile":0,"ocean_menu_typo_line_height_unit":"","ocean_menu_typo_spacing":0,"ocean_menu_typo_spacing_tablet":0,"ocean_menu_typo_spacing_mobile":0,"ocean_menu_typo_spacing_unit":"","ocean_menu_link_color":"","ocean_menu_link_color_hover":"","ocean_menu_link_color_active":"","ocean_menu_link_background":"","ocean_menu_link_hover_background":"","ocean_menu_link_active_background":"","ocean_menu_social_links_bg":"","ocean_menu_social_hover_links_bg":"","ocean_menu_social_links_color":"","ocean_menu_social_hover_links_color":"","ocean_disable_title":"default","ocean_disable_heading":"default","ocean_post_title":"","ocean_post_subheading":"","ocean_post_title_style":"","ocean_post_title_background_color":"","ocean_post_title_background":0,"ocean_post_title_bg_image_position":"","ocean_post_title_bg_image_attachment":"","ocean_post_title_bg_image_repeat":"","ocean_post_title_bg_image_size":"","ocean_post_title_height":0,"ocean_post_title_bg_overlay":0.5,"ocean_post_title_bg_overlay_color":"","ocean_disable_breadcrumbs":"default","ocean_breadcrumbs_color":"","ocean_breadcrumbs_separator_color":"","ocean_breadcrumbs_links_color":"","ocean_breadcrumbs_links_hover_color":"","ocean_display_footer_widgets":"default","ocean_display_footer_bottom":"default","ocean_custom_footer_template":"0","ocean_post_oembed":"","ocean_post_self_hosted_media":"","ocean_post_video_embed":"","ocean_link_format":"","ocean_link_format_target":"self","ocean_quote_format":"","ocean_quote_format_link":"post","ocean_gallery_link_images":"off","ocean_gallery_id":[],"footnotes":""},"categories":[6,8],"tags":[263,42,126,153,164],"class_list":["post-3179","post","type-post","status-publish","format-standard","hentry","category-gesundheitspolitik","category-psychiatrische-pflege","tag-apk","tag-bmg","tag-politik","tag-stellungnahme","tag-versorgung","entry"],"yoast_head":"<!-- This site is optimized with the Yoast SEO plugin v27.5 - https:\/\/yoast.com\/product\/yoast-seo-wordpress\/ -->\n<title>Stellungnahme zur Diskussion im 4. Dialogforum des BMG | BAPP<\/title>\n<meta name=\"robots\" content=\"index, follow, max-snippet:-1, max-image-preview:large, max-video-preview:-1\" \/>\n<link rel=\"canonical\" href=\"https:\/\/www.bapp.info\/?p=3179\" \/>\n<meta property=\"og:locale\" content=\"de_DE\" \/>\n<meta property=\"og:type\" content=\"article\" \/>\n<meta property=\"og:title\" content=\"Stellungnahme zur Diskussion im 4. Dialogforum des BMG | BAPP\" \/>\n<meta property=\"og:description\" content=\"Das Bundesministerium f\u00fcr Gesundheit (BMG) hat in dieser Legislaturperiode zu einem Psychiatriedialog \u00fcber die Weiterentwicklung der Hilfen f\u00fcr psychisch erkrankte Menschen eingeladen. Zu diesem von der Aktion Psychisch Kranke e.V. (APK) koordinierten Dialog ist auch die DFPP eingeladen. Im vierten Dialogforum zum Thema \u201ePersonenzentrierte Versorgung \u2013 Vernetzung und Kooperation\u201c soll es \u00fcber Formen und Perspektiven [&hellip;]\" \/>\n<meta property=\"og:url\" content=\"https:\/\/www.bapp.info\/?p=3179\" \/>\n<meta property=\"og:site_name\" content=\"BAPP\" \/>\n<meta property=\"article:publisher\" content=\"https:\/\/www.facebook.com\/BAPPev\/\" \/>\n<meta property=\"article:published_time\" content=\"2020-11-23T08:42:50+00:00\" \/>\n<meta property=\"og:image\" content=\"https:\/\/www.bapp.info\/wp-content\/uploads\/2018\/11\/bapp2-schatten-www.png\" \/>\n\t<meta property=\"og:image:width\" content=\"1472\" \/>\n\t<meta property=\"og:image:height\" content=\"880\" \/>\n\t<meta property=\"og:image:type\" content=\"image\/png\" \/>\n<meta name=\"author\" content=\"admin\" \/>\n<meta name=\"twitter:card\" content=\"summary_large_image\" \/>\n<meta name=\"twitter:creator\" content=\"@BAPPev\" \/>\n<meta name=\"twitter:site\" content=\"@BAPPev\" \/>\n<meta name=\"twitter:label1\" content=\"Verfasst von\" \/>\n\t<meta name=\"twitter:data1\" content=\"admin\" \/>\n\t<meta name=\"twitter:label2\" content=\"Gesch\u00e4tzte Lesezeit\" \/>\n\t<meta name=\"twitter:data2\" content=\"1\u00a0Minute\" \/>\n<script type=\"application\/ld+json\" class=\"yoast-schema-graph\">{\"@context\":\"https:\\\/\\\/schema.org\",\"@graph\":[{\"@type\":\"Article\",\"@id\":\"https:\\\/\\\/www.bapp.info\\\/?p=3179#article\",\"isPartOf\":{\"@id\":\"https:\\\/\\\/www.bapp.info\\\/?p=3179\"},\"author\":{\"name\":\"admin\",\"@id\":\"https:\\\/\\\/www.bapp.info\\\/#\\\/schema\\\/person\\\/99493e18f1cc152e00e65c1562a7e1c7\"},\"headline\":\"Stellungnahme zur Diskussion im 4. Dialogforum des BMG\",\"datePublished\":\"2020-11-23T08:42:50+00:00\",\"mainEntityOfPage\":{\"@id\":\"https:\\\/\\\/www.bapp.info\\\/?p=3179\"},\"wordCount\":162,\"publisher\":{\"@id\":\"https:\\\/\\\/www.bapp.info\\\/#organization\"},\"keywords\":[\"APK\",\"BMG\",\"Politik\",\"Stellungnahme\",\"Versorgung\"],\"articleSection\":[\"Gesundheitspolitik\",\"Psychiatrische Pflege\"],\"inLanguage\":\"de\"},{\"@type\":\"WebPage\",\"@id\":\"https:\\\/\\\/www.bapp.info\\\/?p=3179\",\"url\":\"https:\\\/\\\/www.bapp.info\\\/?p=3179\",\"name\":\"Stellungnahme zur Diskussion im 4. Dialogforum des BMG | BAPP\",\"isPartOf\":{\"@id\":\"https:\\\/\\\/www.bapp.info\\\/#website\"},\"datePublished\":\"2020-11-23T08:42:50+00:00\",\"breadcrumb\":{\"@id\":\"https:\\\/\\\/www.bapp.info\\\/?p=3179#breadcrumb\"},\"inLanguage\":\"de\",\"potentialAction\":[{\"@type\":\"ReadAction\",\"target\":[\"https:\\\/\\\/www.bapp.info\\\/?p=3179\"]}]},{\"@type\":\"BreadcrumbList\",\"@id\":\"https:\\\/\\\/www.bapp.info\\\/?p=3179#breadcrumb\",\"itemListElement\":[{\"@type\":\"ListItem\",\"position\":1,\"name\":\"Startseite\",\"item\":\"https:\\\/\\\/www.bapp.info\\\/\"},{\"@type\":\"ListItem\",\"position\":2,\"name\":\"Stellungnahme zur Diskussion im 4. Dialogforum des BMG\"}]},{\"@type\":\"WebSite\",\"@id\":\"https:\\\/\\\/www.bapp.info\\\/#website\",\"url\":\"https:\\\/\\\/www.bapp.info\\\/\",\"name\":\"BAPP\",\"description\":\"Bundesinitiative Ambulante Psychiatrische Pflege\",\"publisher\":{\"@id\":\"https:\\\/\\\/www.bapp.info\\\/#organization\"},\"potentialAction\":[{\"@type\":\"SearchAction\",\"target\":{\"@type\":\"EntryPoint\",\"urlTemplate\":\"https:\\\/\\\/www.bapp.info\\\/?s={search_term_string}\"},\"query-input\":{\"@type\":\"PropertyValueSpecification\",\"valueRequired\":true,\"valueName\":\"search_term_string\"}}],\"inLanguage\":\"de\"},{\"@type\":\"Organization\",\"@id\":\"https:\\\/\\\/www.bapp.info\\\/#organization\",\"name\":\"BAPP e.V.\",\"url\":\"https:\\\/\\\/www.bapp.info\\\/\",\"logo\":{\"@type\":\"ImageObject\",\"inLanguage\":\"de\",\"@id\":\"https:\\\/\\\/www.bapp.info\\\/#\\\/schema\\\/logo\\\/image\\\/\",\"url\":\"https:\\\/\\\/www.bapp.info\\\/wp-content\\\/uploads\\\/2018\\\/11\\\/bapp2-schatten-www.png\",\"contentUrl\":\"https:\\\/\\\/www.bapp.info\\\/wp-content\\\/uploads\\\/2018\\\/11\\\/bapp2-schatten-www.png\",\"width\":1472,\"height\":880,\"caption\":\"BAPP e.V.\"},\"image\":{\"@id\":\"https:\\\/\\\/www.bapp.info\\\/#\\\/schema\\\/logo\\\/image\\\/\"},\"sameAs\":[\"https:\\\/\\\/www.facebook.com\\\/BAPPev\\\/\",\"https:\\\/\\\/x.com\\\/BAPPev\"]},{\"@type\":\"Person\",\"@id\":\"https:\\\/\\\/www.bapp.info\\\/#\\\/schema\\\/person\\\/99493e18f1cc152e00e65c1562a7e1c7\",\"name\":\"admin\",\"image\":{\"@type\":\"ImageObject\",\"inLanguage\":\"de\",\"@id\":\"https:\\\/\\\/secure.gravatar.com\\\/avatar\\\/0926ef2d4df1335839d447e1f78ac79540053397fb7c635cbf6278dc979b59af?s=96&d=mm&r=g\",\"url\":\"https:\\\/\\\/secure.gravatar.com\\\/avatar\\\/0926ef2d4df1335839d447e1f78ac79540053397fb7c635cbf6278dc979b59af?s=96&d=mm&r=g\",\"contentUrl\":\"https:\\\/\\\/secure.gravatar.com\\\/avatar\\\/0926ef2d4df1335839d447e1f78ac79540053397fb7c635cbf6278dc979b59af?s=96&d=mm&r=g\",\"caption\":\"admin\"}}]}<\/script>\n<!-- \/ Yoast SEO plugin. -->","yoast_head_json":{"title":"Stellungnahme zur Diskussion im 4. Dialogforum des BMG | BAPP","robots":{"index":"index","follow":"follow","max-snippet":"max-snippet:-1","max-image-preview":"max-image-preview:large","max-video-preview":"max-video-preview:-1"},"canonical":"https:\/\/www.bapp.info\/?p=3179","og_locale":"de_DE","og_type":"article","og_title":"Stellungnahme zur Diskussion im 4. Dialogforum des BMG | BAPP","og_description":"Das Bundesministerium f\u00fcr Gesundheit (BMG) hat in dieser Legislaturperiode zu einem Psychiatriedialog \u00fcber die Weiterentwicklung der Hilfen f\u00fcr psychisch erkrankte Menschen eingeladen. Zu diesem von der Aktion Psychisch Kranke e.V. (APK) koordinierten Dialog ist auch die DFPP eingeladen. Im vierten Dialogforum zum Thema \u201ePersonenzentrierte Versorgung \u2013 Vernetzung und Kooperation\u201c soll es \u00fcber Formen und Perspektiven [&hellip;]","og_url":"https:\/\/www.bapp.info\/?p=3179","og_site_name":"BAPP","article_publisher":"https:\/\/www.facebook.com\/BAPPev\/","article_published_time":"2020-11-23T08:42:50+00:00","og_image":[{"width":1472,"height":880,"url":"https:\/\/www.bapp.info\/wp-content\/uploads\/2018\/11\/bapp2-schatten-www.png","type":"image\/png"}],"author":"admin","twitter_card":"summary_large_image","twitter_creator":"@BAPPev","twitter_site":"@BAPPev","twitter_misc":{"Verfasst von":"admin","Gesch\u00e4tzte Lesezeit":"1\u00a0Minute"},"schema":{"@context":"https:\/\/schema.org","@graph":[{"@type":"Article","@id":"https:\/\/www.bapp.info\/?p=3179#article","isPartOf":{"@id":"https:\/\/www.bapp.info\/?p=3179"},"author":{"name":"admin","@id":"https:\/\/www.bapp.info\/#\/schema\/person\/99493e18f1cc152e00e65c1562a7e1c7"},"headline":"Stellungnahme zur Diskussion im 4. Dialogforum des BMG","datePublished":"2020-11-23T08:42:50+00:00","mainEntityOfPage":{"@id":"https:\/\/www.bapp.info\/?p=3179"},"wordCount":162,"publisher":{"@id":"https:\/\/www.bapp.info\/#organization"},"keywords":["APK","BMG","Politik","Stellungnahme","Versorgung"],"articleSection":["Gesundheitspolitik","Psychiatrische Pflege"],"inLanguage":"de"},{"@type":"WebPage","@id":"https:\/\/www.bapp.info\/?p=3179","url":"https:\/\/www.bapp.info\/?p=3179","name":"Stellungnahme zur Diskussion im 4. Dialogforum des BMG | BAPP","isPartOf":{"@id":"https:\/\/www.bapp.info\/#website"},"datePublished":"2020-11-23T08:42:50+00:00","breadcrumb":{"@id":"https:\/\/www.bapp.info\/?p=3179#breadcrumb"},"inLanguage":"de","potentialAction":[{"@type":"ReadAction","target":["https:\/\/www.bapp.info\/?p=3179"]}]},{"@type":"BreadcrumbList","@id":"https:\/\/www.bapp.info\/?p=3179#breadcrumb","itemListElement":[{"@type":"ListItem","position":1,"name":"Startseite","item":"https:\/\/www.bapp.info\/"},{"@type":"ListItem","position":2,"name":"Stellungnahme zur Diskussion im 4. Dialogforum des BMG"}]},{"@type":"WebSite","@id":"https:\/\/www.bapp.info\/#website","url":"https:\/\/www.bapp.info\/","name":"BAPP","description":"Bundesinitiative Ambulante Psychiatrische Pflege","publisher":{"@id":"https:\/\/www.bapp.info\/#organization"},"potentialAction":[{"@type":"SearchAction","target":{"@type":"EntryPoint","urlTemplate":"https:\/\/www.bapp.info\/?s={search_term_string}"},"query-input":{"@type":"PropertyValueSpecification","valueRequired":true,"valueName":"search_term_string"}}],"inLanguage":"de"},{"@type":"Organization","@id":"https:\/\/www.bapp.info\/#organization","name":"BAPP e.V.","url":"https:\/\/www.bapp.info\/","logo":{"@type":"ImageObject","inLanguage":"de","@id":"https:\/\/www.bapp.info\/#\/schema\/logo\/image\/","url":"https:\/\/www.bapp.info\/wp-content\/uploads\/2018\/11\/bapp2-schatten-www.png","contentUrl":"https:\/\/www.bapp.info\/wp-content\/uploads\/2018\/11\/bapp2-schatten-www.png","width":1472,"height":880,"caption":"BAPP e.V."},"image":{"@id":"https:\/\/www.bapp.info\/#\/schema\/logo\/image\/"},"sameAs":["https:\/\/www.facebook.com\/BAPPev\/","https:\/\/x.com\/BAPPev"]},{"@type":"Person","@id":"https:\/\/www.bapp.info\/#\/schema\/person\/99493e18f1cc152e00e65c1562a7e1c7","name":"admin","image":{"@type":"ImageObject","inLanguage":"de","@id":"https:\/\/secure.gravatar.com\/avatar\/0926ef2d4df1335839d447e1f78ac79540053397fb7c635cbf6278dc979b59af?s=96&d=mm&r=g","url":"https:\/\/secure.gravatar.com\/avatar\/0926ef2d4df1335839d447e1f78ac79540053397fb7c635cbf6278dc979b59af?s=96&d=mm&r=g","contentUrl":"https:\/\/secure.gravatar.com\/avatar\/0926ef2d4df1335839d447e1f78ac79540053397fb7c635cbf6278dc979b59af?s=96&d=mm&r=g","caption":"admin"}}]}},"_links":{"self":[{"href":"https:\/\/www.bapp.info\/index.php?rest_route=\/wp\/v2\/posts\/3179","targetHints":{"allow":["GET"]}}],"collection":[{"href":"https:\/\/www.bapp.info\/index.php?rest_route=\/wp\/v2\/posts"}],"about":[{"href":"https:\/\/www.bapp.info\/index.php?rest_route=\/wp\/v2\/types\/post"}],"author":[{"embeddable":true,"href":"https:\/\/www.bapp.info\/index.php?rest_route=\/wp\/v2\/users\/891"}],"replies":[{"embeddable":true,"href":"https:\/\/www.bapp.info\/index.php?rest_route=%2Fwp%2Fv2%2Fcomments&post=3179"}],"version-history":[{"count":1,"href":"https:\/\/www.bapp.info\/index.php?rest_route=\/wp\/v2\/posts\/3179\/revisions"}],"predecessor-version":[{"id":3180,"href":"https:\/\/www.bapp.info\/index.php?rest_route=\/wp\/v2\/posts\/3179\/revisions\/3180"}],"wp:attachment":[{"href":"https:\/\/www.bapp.info\/index.php?rest_route=%2Fwp%2Fv2%2Fmedia&parent=3179"}],"wp:term":[{"taxonomy":"category","embeddable":true,"href":"https:\/\/www.bapp.info\/index.php?rest_route=%2Fwp%2Fv2%2Fcategories&post=3179"},{"taxonomy":"post_tag","embeddable":true,"href":"https:\/\/www.bapp.info\/index.php?rest_route=%2Fwp%2Fv2%2Ftags&post=3179"}],"curies":[{"name":"wp","href":"https:\/\/api.w.org\/{rel}","templated":true}]}}