{"id":24,"date":"2009-05-12T13:30:01","date_gmt":"2009-05-12T11:30:01","guid":{"rendered":"http:\/\/bapp.info\/blog\/?p=24"},"modified":"2022-10-13T10:12:30","modified_gmt":"2022-10-13T08:12:30","slug":"absenkung-des-bildungsniveaus-in-der-krankenpflege","status":"publish","type":"post","link":"https:\/\/www.bapp.info\/?p=24","title":{"rendered":"Absenkung des Bildungsniveaus in der Krankenpflege"},"content":{"rendered":"<p>Die Fraktionen der gro\u00dfen Koalition beabsichtigen den Zugang zur Krankenpflegeausbildung, von einem mittleren Bildungsabschluss, auf den Hauptschulabschluss zu senken. Die w\u00f6rtliche Begr\u00fcndung f\u00fcr diesen \u00c4nderungsantrag lautet: <em>&#8220;Damit wird der Zugang zu diesen Berufen f\u00fcr mehr Interessentinnen und Interessenten als bisher ge\u00f6ffnet, um fr\u00fchzeitig vor dem Hintergrund der demografischen Entwicklung einen Mangel an Besch\u00e4ftigten im Gesundheitswesen und insbesondere im Bereich der Pflege zu vermeiden.&#8221; <\/em><\/p>\n<p>Unabh\u00e4ngig davon, dass nat\u00fcrlich durch Absenkung der Zugangsvoraussetzungen, eine quantitative Steigerung der potentiellen InteressentInnen m\u00f6glich ist, muss schon gefragt werden, welch katastrophales Signal dieser Schritt f\u00fcr die Qualit\u00e4t der zuk\u00fcnftigen Pflegeberufe bedeutet.<\/p>\n<p>Nebenbei verst\u00f6\u00dft diese Ma\u00dfnahme gegen die Absicht europ\u00e4ische Ausbildungen in ihrer Wertigkeit anzugleichen. Deutschland, jetzt schon Schlusslicht bzgl. der Pflegeausbildung, ginge damit in die entgegengesetzte Richtung, wie die anderen europ\u00e4ischen Staaten. Wenn die Pflegeausbildung nicht sowieso schon auf akademischen Niveau stattfindet, wurde durch den Bologna-Prozess die entsprechende Entwicklung eingeleitet.<\/p>\n<p>Was aber bedeutet das alles f\u00fcr die Zukunft der Pflege auf nationaler Ebene? Schon jetzt ist die Berufszufriedenheit von Pflegefachpersonen miserabel wie selten zuvor. Aufgrund extrem schlechter Rahmenbedingungen verlassen viele Pflegende schon nach wenigen Jahren wieder ihren Beruf. Diese Realit\u00e4t und nicht ein Mangel an BewerberInnen ist Ursache f\u00fcr den nun erneut anstehenden Pflegenotstand.<\/p>\n<p>Warum kommt denn niemand auf die Idee wegen des ebenfalls zu erwartenden \u00c4rztemangels, die Voraussetzungen f\u00fcr das Medizinstudium entsprechend zu senken?<\/p>\n<p>Die bisher von der Politik, insbesondere der Bundesgesundheitsministerin angek\u00fcndigten Absichten, die Rahmenbedingungen der deutschen Pflege zu verbessern und ihr somit den R\u00fccken zu st\u00e4rken, werden hiermit mehr als nur unglaubw\u00fcrdig. Es dr\u00e4ngt sich der Verdacht auf, dass wieder einmal durch unbedachten Aktionismus, kurzfristige wahlrelevante Effekte erreicht werden sollen.<\/p>\n<p>Scheinbar merken die zust\u00e4ndigen PolitikerInnen der beiden Fraktionen nicht, dass sie mit dieser \u00c4nderung nicht nur die Pflegeberufe in Deutschland, sondern auch ihre eigene Fachlichkeit disqualifizieren. Dieses Vorgehen ist aberwitzig und besch\u00e4mend, so wird es zuk\u00fcnftig keine fachgerechte und anspruchsvolle Pflege mehr geben!<\/p>\n<p><em><strong>Update 09.05.09:<\/strong><\/em><br \/>\nNun behauptet unsere Gesundheitsministerin auch noch, die Hauptschule w\u00fcrde diskriminiert, wenn sich Fachleute, Pflegende und Wissenschaftler, gegen diese neue Schnapsidee wenden.<br \/>\nLetztlich beweist sie damit wieder einmal, wie wenig Ahnung sie doch in vielen Details ihres &#8220;Fachgebietes&#8221; hat.<\/p>\n<p>Auch die Aussage <span class=\"removed_link\" title=\"http:\/\/www.tagesspiegel.de\/politik\/Pflege-Ulla-Schmidt;art771,2791302\">&#8220;Deutsche Pflegekr\u00e4fte haben keine Schwierigkeiten, in anderen L\u00e4ndern eine Arbeit zu finden&#8221;<\/span> stimmt eben nur teilweise. In Wahrheit haben deutsche Pflegekr\u00e4fte immer mehr Probleme beim Wechsel in andere L\u00e4nder. Oftmals m\u00fcssen wenigstens einige Nachqualifikationen erfolgen. Da in vielen europ\u00e4ischen L\u00e4ndern der Bologna-Prozess schon weiter gediehen ist, wird dieses Problem eher noch zunehmen.<\/p>\n<p style=\"text-align: right;\"><em>&#8211; Volker Ha\u00dflinger<\/em> &#8211;<\/p>\n<p style=\"text-align: left;\">Stellungnahmen zum Thema von:<\/p>\n<p style=\"text-align: left;\">Deutscher Pflegerat |\u00a0 DBfK |\u00a0 BFLK |\u00a0 VPU |\u00a0 ADS |\u00a0 BA<\/p>\n<p style=\"text-align: left;\">Brief des DPR an Ministerin Ulla Schmidt<\/p>\n<p style=\"text-align: left;\">Forscher des DIP warnen vor Bildungsabstieg in der Pflege (04.05.09)<\/p>\n<p style=\"text-align: left;\"><span class=\"removed_link\" title=\"http:\/\/www.tagesspiegel.de\/politik\/deutschland\/Krankenpflege-Hauptschule;art122,2790345\">Artikel in &#8220;Der Tagesspiegel&#8221;<\/span> (06.05.09)<\/p>\n<p style=\"text-align: left;\">Position B\u00fcndnis90\/Gr\u00fcne (07.05.09)<\/p>\n<p style=\"text-align: left;\"><a href=\"http:\/\/www.bapp.info\/texte\/dip-KrpflG-090518.pdf\" target=\"_blank\" rel=\"noopener noreferrer\">DIP: \u201e\u00d6ffnung der Pflegeausbildung nicht notwendig\u201c<\/a> (18.05.09)<\/p>\n<p style=\"text-align: left;\"><a href=\"http:\/\/www.bapp.info\/?p=26\" target=\"_blank\" rel=\"noopener noreferrer\">Politik macht ernst und ignoriert Pflege<\/a> (27.05.09)<\/p>\n<p><span style=\"color: #ffffff;\">.<\/span><br \/>\n<!--95445778--><\/p>\n","protected":false},"excerpt":{"rendered":"<p>Die Fraktionen der gro\u00dfen Koalition beabsichtigen den Zugang zur Krankenpflegeausbildung, von einem mittleren Bildungsabschluss, auf den Hauptschulabschluss zu senken. Die w\u00f6rtliche Begr\u00fcndung f\u00fcr diesen \u00c4nderungsantrag lautet: &#8220;Damit wird der Zugang zu diesen Berufen f\u00fcr mehr Interessentinnen und Interessenten als bisher ge\u00f6ffnet, um fr\u00fchzeitig vor dem Hintergrund der demografischen Entwicklung einen Mangel an Besch\u00e4ftigten im Gesundheitswesen [&hellip;]<\/p>\n","protected":false},"author":891,"featured_media":0,"comment_status":"closed","ping_status":"closed","sticky":false,"template":"","format":"standard","meta":{"ocean_post_layout":"","ocean_both_sidebars_style":"","ocean_both_sidebars_content_width":0,"ocean_both_sidebars_sidebars_width":0,"ocean_sidebar":"","ocean_second_sidebar":"","ocean_disable_margins":"enable","ocean_add_body_class":"","ocean_shortcode_before_top_bar":"","ocean_shortcode_after_top_bar":"","ocean_shortcode_before_header":"","ocean_shortcode_after_header":"","ocean_has_shortcode":"","ocean_shortcode_after_title":"","ocean_shortcode_before_footer_widgets":"","ocean_shortcode_after_footer_widgets":"","ocean_shortcode_before_footer_bottom":"","ocean_shortcode_after_footer_bottom":"","ocean_display_top_bar":"default","ocean_display_header":"default","ocean_header_style":"","ocean_center_header_left_menu":"","ocean_custom_header_template":"","ocean_custom_logo":0,"ocean_custom_retina_logo":0,"ocean_custom_logo_max_width":0,"ocean_custom_logo_tablet_max_width":0,"ocean_custom_logo_mobile_max_width":0,"ocean_custom_logo_max_height":0,"ocean_custom_logo_tablet_max_height":0,"ocean_custom_logo_mobile_max_height":0,"ocean_header_custom_menu":"","ocean_menu_typo_font_family":"","ocean_menu_typo_font_subset":"","ocean_menu_typo_font_size":0,"ocean_menu_typo_font_size_tablet":0,"ocean_menu_typo_font_size_mobile":0,"ocean_menu_typo_font_size_unit":"px","ocean_menu_typo_font_weight":"","ocean_menu_typo_font_weight_tablet":"","ocean_menu_typo_font_weight_mobile":"","ocean_menu_typo_transform":"","ocean_menu_typo_transform_tablet":"","ocean_menu_typo_transform_mobile":"","ocean_menu_typo_line_height":0,"ocean_menu_typo_line_height_tablet":0,"ocean_menu_typo_line_height_mobile":0,"ocean_menu_typo_line_height_unit":"","ocean_menu_typo_spacing":0,"ocean_menu_typo_spacing_tablet":0,"ocean_menu_typo_spacing_mobile":0,"ocean_menu_typo_spacing_unit":"","ocean_menu_link_color":"","ocean_menu_link_color_hover":"","ocean_menu_link_color_active":"","ocean_menu_link_background":"","ocean_menu_link_hover_background":"","ocean_menu_link_active_background":"","ocean_menu_social_links_bg":"","ocean_menu_social_hover_links_bg":"","ocean_menu_social_links_color":"","ocean_menu_social_hover_links_color":"","ocean_disable_title":"default","ocean_disable_heading":"default","ocean_post_title":"","ocean_post_subheading":"","ocean_post_title_style":"","ocean_post_title_background_color":"","ocean_post_title_background":0,"ocean_post_title_bg_image_position":"","ocean_post_title_bg_image_attachment":"","ocean_post_title_bg_image_repeat":"","ocean_post_title_bg_image_size":"","ocean_post_title_height":0,"ocean_post_title_bg_overlay":0.5,"ocean_post_title_bg_overlay_color":"","ocean_disable_breadcrumbs":"default","ocean_breadcrumbs_color":"","ocean_breadcrumbs_separator_color":"","ocean_breadcrumbs_links_color":"","ocean_breadcrumbs_links_hover_color":"","ocean_display_footer_widgets":"default","ocean_display_footer_bottom":"default","ocean_custom_footer_template":"","ocean_post_oembed":"","ocean_post_self_hosted_media":"","ocean_post_video_embed":"","ocean_link_format":"","ocean_link_format_target":"self","ocean_quote_format":"","ocean_quote_format_link":"post","ocean_gallery_link_images":"on","ocean_gallery_id":[],"footnotes":""},"categories":[4,6],"tags":[28,41,116,126],"class_list":["post-24","post","type-post","status-publish","format-standard","hentry","category-berufspolitik","category-gesundheitspolitik","tag-ausbildung","tag-bildungsniveau","tag-pflegeberuf","tag-politik","entry"],"yoast_head":"<!-- This site is optimized with the Yoast SEO plugin v27.5 - https:\/\/yoast.com\/product\/yoast-seo-wordpress\/ -->\n<title>Absenkung des Bildungsniveaus in der Krankenpflege | BAPP<\/title>\n<meta name=\"robots\" content=\"index, follow, max-snippet:-1, max-image-preview:large, max-video-preview:-1\" \/>\n<link rel=\"canonical\" href=\"https:\/\/www.bapp.info\/?p=24\" \/>\n<meta property=\"og:locale\" content=\"de_DE\" \/>\n<meta property=\"og:type\" content=\"article\" \/>\n<meta property=\"og:title\" content=\"Absenkung des Bildungsniveaus in der Krankenpflege | BAPP\" \/>\n<meta property=\"og:description\" content=\"Die Fraktionen der gro\u00dfen Koalition beabsichtigen den Zugang zur Krankenpflegeausbildung, von einem mittleren Bildungsabschluss, auf den Hauptschulabschluss zu senken. Die w\u00f6rtliche Begr\u00fcndung f\u00fcr diesen \u00c4nderungsantrag lautet: &#8220;Damit wird der Zugang zu diesen Berufen f\u00fcr mehr Interessentinnen und Interessenten als bisher ge\u00f6ffnet, um fr\u00fchzeitig vor dem Hintergrund der demografischen Entwicklung einen Mangel an Besch\u00e4ftigten im Gesundheitswesen [&hellip;]\" \/>\n<meta property=\"og:url\" content=\"https:\/\/www.bapp.info\/?p=24\" \/>\n<meta property=\"og:site_name\" content=\"BAPP\" \/>\n<meta property=\"article:publisher\" content=\"https:\/\/www.facebook.com\/BAPPev\/\" \/>\n<meta property=\"article:published_time\" content=\"2009-05-12T11:30:01+00:00\" \/>\n<meta property=\"article:modified_time\" content=\"2022-10-13T08:12:30+00:00\" \/>\n<meta property=\"og:image\" content=\"https:\/\/www.bapp.info\/wp-content\/uploads\/2018\/11\/bapp2-schatten-www.png\" \/>\n\t<meta property=\"og:image:width\" content=\"1472\" \/>\n\t<meta property=\"og:image:height\" content=\"880\" \/>\n\t<meta property=\"og:image:type\" content=\"image\/png\" \/>\n<meta name=\"author\" content=\"admin\" \/>\n<meta name=\"twitter:card\" content=\"summary_large_image\" \/>\n<meta name=\"twitter:creator\" content=\"@BAPPev\" \/>\n<meta name=\"twitter:site\" content=\"@BAPPev\" \/>\n<meta name=\"twitter:label1\" content=\"Verfasst von\" \/>\n\t<meta name=\"twitter:data1\" content=\"admin\" \/>\n\t<meta name=\"twitter:label2\" content=\"Gesch\u00e4tzte Lesezeit\" \/>\n\t<meta name=\"twitter:data2\" content=\"2\u00a0Minuten\" \/>\n<script type=\"application\/ld+json\" class=\"yoast-schema-graph\">{\"@context\":\"https:\\\/\\\/schema.org\",\"@graph\":[{\"@type\":\"Article\",\"@id\":\"https:\\\/\\\/www.bapp.info\\\/?p=24#article\",\"isPartOf\":{\"@id\":\"https:\\\/\\\/www.bapp.info\\\/?p=24\"},\"author\":{\"name\":\"admin\",\"@id\":\"https:\\\/\\\/www.bapp.info\\\/#\\\/schema\\\/person\\\/99493e18f1cc152e00e65c1562a7e1c7\"},\"headline\":\"Absenkung des Bildungsniveaus in der Krankenpflege\",\"datePublished\":\"2009-05-12T11:30:01+00:00\",\"dateModified\":\"2022-10-13T08:12:30+00:00\",\"mainEntityOfPage\":{\"@id\":\"https:\\\/\\\/www.bapp.info\\\/?p=24\"},\"wordCount\":501,\"publisher\":{\"@id\":\"https:\\\/\\\/www.bapp.info\\\/#organization\"},\"keywords\":[\"Ausbildung\",\"Bildungsniveau\",\"Pflegeberuf\",\"Politik\"],\"articleSection\":[\"Berufspolitik\",\"Gesundheitspolitik\"],\"inLanguage\":\"de\"},{\"@type\":\"WebPage\",\"@id\":\"https:\\\/\\\/www.bapp.info\\\/?p=24\",\"url\":\"https:\\\/\\\/www.bapp.info\\\/?p=24\",\"name\":\"Absenkung des Bildungsniveaus in der Krankenpflege | BAPP\",\"isPartOf\":{\"@id\":\"https:\\\/\\\/www.bapp.info\\\/#website\"},\"datePublished\":\"2009-05-12T11:30:01+00:00\",\"dateModified\":\"2022-10-13T08:12:30+00:00\",\"breadcrumb\":{\"@id\":\"https:\\\/\\\/www.bapp.info\\\/?p=24#breadcrumb\"},\"inLanguage\":\"de\",\"potentialAction\":[{\"@type\":\"ReadAction\",\"target\":[\"https:\\\/\\\/www.bapp.info\\\/?p=24\"]}]},{\"@type\":\"BreadcrumbList\",\"@id\":\"https:\\\/\\\/www.bapp.info\\\/?p=24#breadcrumb\",\"itemListElement\":[{\"@type\":\"ListItem\",\"position\":1,\"name\":\"Startseite\",\"item\":\"https:\\\/\\\/www.bapp.info\\\/\"},{\"@type\":\"ListItem\",\"position\":2,\"name\":\"Absenkung des Bildungsniveaus in der Krankenpflege\"}]},{\"@type\":\"WebSite\",\"@id\":\"https:\\\/\\\/www.bapp.info\\\/#website\",\"url\":\"https:\\\/\\\/www.bapp.info\\\/\",\"name\":\"BAPP\",\"description\":\"Bundesinitiative Ambulante Psychiatrische Pflege\",\"publisher\":{\"@id\":\"https:\\\/\\\/www.bapp.info\\\/#organization\"},\"potentialAction\":[{\"@type\":\"SearchAction\",\"target\":{\"@type\":\"EntryPoint\",\"urlTemplate\":\"https:\\\/\\\/www.bapp.info\\\/?s={search_term_string}\"},\"query-input\":{\"@type\":\"PropertyValueSpecification\",\"valueRequired\":true,\"valueName\":\"search_term_string\"}}],\"inLanguage\":\"de\"},{\"@type\":\"Organization\",\"@id\":\"https:\\\/\\\/www.bapp.info\\\/#organization\",\"name\":\"BAPP e.V.\",\"url\":\"https:\\\/\\\/www.bapp.info\\\/\",\"logo\":{\"@type\":\"ImageObject\",\"inLanguage\":\"de\",\"@id\":\"https:\\\/\\\/www.bapp.info\\\/#\\\/schema\\\/logo\\\/image\\\/\",\"url\":\"https:\\\/\\\/www.bapp.info\\\/wp-content\\\/uploads\\\/2018\\\/11\\\/bapp2-schatten-www.png\",\"contentUrl\":\"https:\\\/\\\/www.bapp.info\\\/wp-content\\\/uploads\\\/2018\\\/11\\\/bapp2-schatten-www.png\",\"width\":1472,\"height\":880,\"caption\":\"BAPP e.V.\"},\"image\":{\"@id\":\"https:\\\/\\\/www.bapp.info\\\/#\\\/schema\\\/logo\\\/image\\\/\"},\"sameAs\":[\"https:\\\/\\\/www.facebook.com\\\/BAPPev\\\/\",\"https:\\\/\\\/x.com\\\/BAPPev\"]},{\"@type\":\"Person\",\"@id\":\"https:\\\/\\\/www.bapp.info\\\/#\\\/schema\\\/person\\\/99493e18f1cc152e00e65c1562a7e1c7\",\"name\":\"admin\",\"image\":{\"@type\":\"ImageObject\",\"inLanguage\":\"de\",\"@id\":\"https:\\\/\\\/secure.gravatar.com\\\/avatar\\\/0926ef2d4df1335839d447e1f78ac79540053397fb7c635cbf6278dc979b59af?s=96&d=mm&r=g\",\"url\":\"https:\\\/\\\/secure.gravatar.com\\\/avatar\\\/0926ef2d4df1335839d447e1f78ac79540053397fb7c635cbf6278dc979b59af?s=96&d=mm&r=g\",\"contentUrl\":\"https:\\\/\\\/secure.gravatar.com\\\/avatar\\\/0926ef2d4df1335839d447e1f78ac79540053397fb7c635cbf6278dc979b59af?s=96&d=mm&r=g\",\"caption\":\"admin\"}}]}<\/script>\n<!-- \/ Yoast SEO plugin. -->","yoast_head_json":{"title":"Absenkung des Bildungsniveaus in der Krankenpflege | BAPP","robots":{"index":"index","follow":"follow","max-snippet":"max-snippet:-1","max-image-preview":"max-image-preview:large","max-video-preview":"max-video-preview:-1"},"canonical":"https:\/\/www.bapp.info\/?p=24","og_locale":"de_DE","og_type":"article","og_title":"Absenkung des Bildungsniveaus in der Krankenpflege | BAPP","og_description":"Die Fraktionen der gro\u00dfen Koalition beabsichtigen den Zugang zur Krankenpflegeausbildung, von einem mittleren Bildungsabschluss, auf den Hauptschulabschluss zu senken. Die w\u00f6rtliche Begr\u00fcndung f\u00fcr diesen \u00c4nderungsantrag lautet: &#8220;Damit wird der Zugang zu diesen Berufen f\u00fcr mehr Interessentinnen und Interessenten als bisher ge\u00f6ffnet, um fr\u00fchzeitig vor dem Hintergrund der demografischen Entwicklung einen Mangel an Besch\u00e4ftigten im Gesundheitswesen [&hellip;]","og_url":"https:\/\/www.bapp.info\/?p=24","og_site_name":"BAPP","article_publisher":"https:\/\/www.facebook.com\/BAPPev\/","article_published_time":"2009-05-12T11:30:01+00:00","article_modified_time":"2022-10-13T08:12:30+00:00","og_image":[{"width":1472,"height":880,"url":"https:\/\/www.bapp.info\/wp-content\/uploads\/2018\/11\/bapp2-schatten-www.png","type":"image\/png"}],"author":"admin","twitter_card":"summary_large_image","twitter_creator":"@BAPPev","twitter_site":"@BAPPev","twitter_misc":{"Verfasst von":"admin","Gesch\u00e4tzte Lesezeit":"2\u00a0Minuten"},"schema":{"@context":"https:\/\/schema.org","@graph":[{"@type":"Article","@id":"https:\/\/www.bapp.info\/?p=24#article","isPartOf":{"@id":"https:\/\/www.bapp.info\/?p=24"},"author":{"name":"admin","@id":"https:\/\/www.bapp.info\/#\/schema\/person\/99493e18f1cc152e00e65c1562a7e1c7"},"headline":"Absenkung des Bildungsniveaus in der Krankenpflege","datePublished":"2009-05-12T11:30:01+00:00","dateModified":"2022-10-13T08:12:30+00:00","mainEntityOfPage":{"@id":"https:\/\/www.bapp.info\/?p=24"},"wordCount":501,"publisher":{"@id":"https:\/\/www.bapp.info\/#organization"},"keywords":["Ausbildung","Bildungsniveau","Pflegeberuf","Politik"],"articleSection":["Berufspolitik","Gesundheitspolitik"],"inLanguage":"de"},{"@type":"WebPage","@id":"https:\/\/www.bapp.info\/?p=24","url":"https:\/\/www.bapp.info\/?p=24","name":"Absenkung des Bildungsniveaus in der Krankenpflege | BAPP","isPartOf":{"@id":"https:\/\/www.bapp.info\/#website"},"datePublished":"2009-05-12T11:30:01+00:00","dateModified":"2022-10-13T08:12:30+00:00","breadcrumb":{"@id":"https:\/\/www.bapp.info\/?p=24#breadcrumb"},"inLanguage":"de","potentialAction":[{"@type":"ReadAction","target":["https:\/\/www.bapp.info\/?p=24"]}]},{"@type":"BreadcrumbList","@id":"https:\/\/www.bapp.info\/?p=24#breadcrumb","itemListElement":[{"@type":"ListItem","position":1,"name":"Startseite","item":"https:\/\/www.bapp.info\/"},{"@type":"ListItem","position":2,"name":"Absenkung des Bildungsniveaus in der Krankenpflege"}]},{"@type":"WebSite","@id":"https:\/\/www.bapp.info\/#website","url":"https:\/\/www.bapp.info\/","name":"BAPP","description":"Bundesinitiative Ambulante Psychiatrische Pflege","publisher":{"@id":"https:\/\/www.bapp.info\/#organization"},"potentialAction":[{"@type":"SearchAction","target":{"@type":"EntryPoint","urlTemplate":"https:\/\/www.bapp.info\/?s={search_term_string}"},"query-input":{"@type":"PropertyValueSpecification","valueRequired":true,"valueName":"search_term_string"}}],"inLanguage":"de"},{"@type":"Organization","@id":"https:\/\/www.bapp.info\/#organization","name":"BAPP e.V.","url":"https:\/\/www.bapp.info\/","logo":{"@type":"ImageObject","inLanguage":"de","@id":"https:\/\/www.bapp.info\/#\/schema\/logo\/image\/","url":"https:\/\/www.bapp.info\/wp-content\/uploads\/2018\/11\/bapp2-schatten-www.png","contentUrl":"https:\/\/www.bapp.info\/wp-content\/uploads\/2018\/11\/bapp2-schatten-www.png","width":1472,"height":880,"caption":"BAPP e.V."},"image":{"@id":"https:\/\/www.bapp.info\/#\/schema\/logo\/image\/"},"sameAs":["https:\/\/www.facebook.com\/BAPPev\/","https:\/\/x.com\/BAPPev"]},{"@type":"Person","@id":"https:\/\/www.bapp.info\/#\/schema\/person\/99493e18f1cc152e00e65c1562a7e1c7","name":"admin","image":{"@type":"ImageObject","inLanguage":"de","@id":"https:\/\/secure.gravatar.com\/avatar\/0926ef2d4df1335839d447e1f78ac79540053397fb7c635cbf6278dc979b59af?s=96&d=mm&r=g","url":"https:\/\/secure.gravatar.com\/avatar\/0926ef2d4df1335839d447e1f78ac79540053397fb7c635cbf6278dc979b59af?s=96&d=mm&r=g","contentUrl":"https:\/\/secure.gravatar.com\/avatar\/0926ef2d4df1335839d447e1f78ac79540053397fb7c635cbf6278dc979b59af?s=96&d=mm&r=g","caption":"admin"}}]}},"_links":{"self":[{"href":"https:\/\/www.bapp.info\/index.php?rest_route=\/wp\/v2\/posts\/24","targetHints":{"allow":["GET"]}}],"collection":[{"href":"https:\/\/www.bapp.info\/index.php?rest_route=\/wp\/v2\/posts"}],"about":[{"href":"https:\/\/www.bapp.info\/index.php?rest_route=\/wp\/v2\/types\/post"}],"author":[{"embeddable":true,"href":"https:\/\/www.bapp.info\/index.php?rest_route=\/wp\/v2\/users\/891"}],"replies":[{"embeddable":true,"href":"https:\/\/www.bapp.info\/index.php?rest_route=%2Fwp%2Fv2%2Fcomments&post=24"}],"version-history":[{"count":2,"href":"https:\/\/www.bapp.info\/index.php?rest_route=\/wp\/v2\/posts\/24\/revisions"}],"predecessor-version":[{"id":3411,"href":"https:\/\/www.bapp.info\/index.php?rest_route=\/wp\/v2\/posts\/24\/revisions\/3411"}],"wp:attachment":[{"href":"https:\/\/www.bapp.info\/index.php?rest_route=%2Fwp%2Fv2%2Fmedia&parent=24"}],"wp:term":[{"taxonomy":"category","embeddable":true,"href":"https:\/\/www.bapp.info\/index.php?rest_route=%2Fwp%2Fv2%2Fcategories&post=24"},{"taxonomy":"post_tag","embeddable":true,"href":"https:\/\/www.bapp.info\/index.php?rest_route=%2Fwp%2Fv2%2Ftags&post=24"}],"curies":[{"name":"wp","href":"https:\/\/api.w.org\/{rel}","templated":true}]}}