{"id":207,"date":"2010-11-05T20:00:23","date_gmt":"2010-11-05T18:00:23","guid":{"rendered":"http:\/\/bapp.info\/blog\/?p=207"},"modified":"2019-12-13T18:33:57","modified_gmt":"2019-12-13T16:33:57","slug":"neue-verantwortung-fur-die-pflege","status":"publish","type":"post","link":"https:\/\/www.bapp.info\/?p=207","title":{"rendered":"Neue Verantwortung f\u00fcr die Pflege"},"content":{"rendered":"<p style=\"text-align: justify;\">&#8220;Zur Verbesserung der Versorgung muss unter den Bedingungen sich \u00e4ndernder Krankheitsprofile wie beispielsweise die Zunahme geriatrischer oder demenzieller Erkrankungen, auch die bestehende Rollenverteilung zwischen den Gesundheitsberufen hinterfragt werde. Speziell bei der zunehmenden Zahl chronisch kranker und\/ oder psychisch erkrankter Personen, steht weniger die \u2013 zweifellos wichtige \u2013 medizinische Behandlung denn die Bew\u00e4ltigung des Alltages mit der Krankheit an erster Stelle. Die Bedeutung von Beratung, Bef\u00e4higung und Unterst\u00fctzung der Patientinnen und Patienten im Zusammenhang mit der Krankheitsbew\u00e4ltigung wird zunehmen. Eine patientenorientierte Versorgung hat diesen Bedarfslagen Rechnung zu tragen. Eine nur einzelne Berufsgruppen ber\u00fccksichtigende Perspektive reicht bei den komplexen Bedarfskonstellationen der Zukunft nicht mehr aus. Dies betrifft vor allem das Verh\u00e4ltnis zwischen \u00e4rztlichen Berufen, qualifizierten Pflegekr\u00e4ften sowie weiteren therapeutischen Berufen.<\/p>\n<p style=\"text-align: center;\">\n<p style=\"text-align: justify;\">Anders als beispielsweise in Gro\u00dfbritannien (Advanced Nursing Practice), existiert in Deutschland bislang eine vollumf\u00e4ngliche \u00e4rztliche Zust\u00e4ndigkeit. Das bedeutet, dass bestimmte T\u00e4tigkeiten auch in der Pflege nur durch einen Arzt oder eine \u00c4rztin ausge\u00fcbt bzw. verantwortet werden d\u00fcrfen. Belege aus der Versorgungsforschung, die eine solche umfassende Beschr\u00e4nkung begr\u00fcnden w\u00fcrden, gibt es indes nicht.<\/p>\n<p style=\"text-align: justify;\">Wir wollen daher die Weiterentwicklung der Pflege hin zu einem eigenst\u00e4ndigeren Leistungserbringer vorantreiben. Besonders hierf\u00fcr qualifizierte Pflegekr\u00e4fte sollen nach einer speziellen (akademischen) Ausbildung k\u00fcnftig in die Lage versetzt werden, gr\u00f6\u00dfere Verantwortung zu \u00fcbernehmen. Die Erweiterung des pflegerischen Handlungsfeldes f\u00fcr diese speziell ausgebildeten Fachkr\u00e4fte soll in bestimmtem Umfang das Recht zur Erkennung und Therapie von Erkrankungen sowie zur \u00dcberweisung umfassen.<\/p>\n<p style=\"text-align: justify;\">Um Pflegekr\u00e4fte solcherart st\u00e4rker in die gesundheitliche Versorgung einzubinden und ihr T\u00e4tigkeitsprofil zu erweitern, sind jedoch Reformprozesse in der Aus-, Fort- und Weiterbildung der Pflege erforderlich.<\/p>\n<p style=\"text-align: justify;\">Die k\u00fcnftigen \u00c4rztinnen und \u00c4rzte m\u00fcssen ebenfalls diese neuen Formen der Zusammenarbeit erlernen und trainieren. Hilfreich dabei w\u00e4ren beispielsweise gemeinsame Lehrveranstaltungen. Auch im Bereich der innerbetrieblichen Fort- und Weiterbildung sollte, wenn dies inhaltlich m\u00f6glich ist, eine Trennung der Berufsgruppen vermieden werden. Obwohl die Letztverantwortung in diesen Teams bei den \u00c4rztinnen und \u00c4rzten verbleibt, \u00fcbernehmen sie st\u00e4rker eine koordinierende und moderierende Funktion. Eine solche ge\u00e4nderte Rollenverteilung erfordert jedoch umfangreiche Kl\u00e4rungen etwa der Haftungsfragen und der Verg\u00fctung. Doch greift die Weiterentwicklung der Pflege allein in Richtung der \u00dcbernahme neuer Aufgaben zu kurz. Auch zwischen den Pflegekr\u00e4ften m\u00fcssen die Aufgabengebiete neu austariert werden. Die Versorgungsbedarfe strukturschwacher Regionen legen weitere Aufgabenfelder der Pflege offen, die nicht prim\u00e4r medizinischer Art sind. So erfordert beispielsweise die Versorgung der zunehmenden Zahl alleinlebender alter Menschen mit Unterst\u00fctzungsbedarf eine besondere fachliche Qualifikation der Pflegekr\u00e4fte. Hierbei geht es um die Stabilisierung der h\u00e4uslichen Versorgungssituation und die Steuerung von Versorgungsprozessen, Aufgaben, die bspw. durch ausgebildete Case-Managerinnen und -Manager oder Familiy Health Nurses \u00fcbernommen werden sollten.&#8221;<\/p>\n<p style=\"text-align: right;\">aus:\u00a0 &#8220;Neue Wege gehen &#8211;\u00a0 F\u00fcr eine bedarfsgerechte gesundheitliche Versorgung in l\u00e4ndlichen Regionen&#8221;, B\u00fcndnis 90\/Die Gr\u00fcnen Bundestagsfraktion Beschluss 13. September 2010<br \/>\nhttp:\/\/gruene-bundestag.de<\/p>\n","protected":false},"excerpt":{"rendered":"<p>&#8220;Zur Verbesserung der Versorgung muss unter den Bedingungen sich \u00e4ndernder Krankheitsprofile wie beispielsweise die Zunahme geriatrischer oder demenzieller Erkrankungen, auch die bestehende Rollenverteilung zwischen den Gesundheitsberufen hinterfragt werde. Speziell bei der zunehmenden Zahl chronisch kranker und\/ oder psychisch erkrankter Personen, steht weniger die \u2013 zweifellos wichtige \u2013 medizinische Behandlung denn die Bew\u00e4ltigung des Alltages mit [&hellip;]<\/p>\n","protected":false},"author":891,"featured_media":0,"comment_status":"closed","ping_status":"closed","sticky":false,"template":"","format":"standard","meta":{"ocean_post_layout":"","ocean_both_sidebars_style":"","ocean_both_sidebars_content_width":0,"ocean_both_sidebars_sidebars_width":0,"ocean_sidebar":"","ocean_second_sidebar":"","ocean_disable_margins":"enable","ocean_add_body_class":"","ocean_shortcode_before_top_bar":"","ocean_shortcode_after_top_bar":"","ocean_shortcode_before_header":"","ocean_shortcode_after_header":"","ocean_has_shortcode":"","ocean_shortcode_after_title":"","ocean_shortcode_before_footer_widgets":"","ocean_shortcode_after_footer_widgets":"","ocean_shortcode_before_footer_bottom":"","ocean_shortcode_after_footer_bottom":"","ocean_display_top_bar":"default","ocean_display_header":"default","ocean_header_style":"","ocean_center_header_left_menu":"","ocean_custom_header_template":"","ocean_custom_logo":0,"ocean_custom_retina_logo":0,"ocean_custom_logo_max_width":0,"ocean_custom_logo_tablet_max_width":0,"ocean_custom_logo_mobile_max_width":0,"ocean_custom_logo_max_height":0,"ocean_custom_logo_tablet_max_height":0,"ocean_custom_logo_mobile_max_height":0,"ocean_header_custom_menu":"","ocean_menu_typo_font_family":"","ocean_menu_typo_font_subset":"","ocean_menu_typo_font_size":0,"ocean_menu_typo_font_size_tablet":0,"ocean_menu_typo_font_size_mobile":0,"ocean_menu_typo_font_size_unit":"px","ocean_menu_typo_font_weight":"","ocean_menu_typo_font_weight_tablet":"","ocean_menu_typo_font_weight_mobile":"","ocean_menu_typo_transform":"","ocean_menu_typo_transform_tablet":"","ocean_menu_typo_transform_mobile":"","ocean_menu_typo_line_height":0,"ocean_menu_typo_line_height_tablet":0,"ocean_menu_typo_line_height_mobile":0,"ocean_menu_typo_line_height_unit":"","ocean_menu_typo_spacing":0,"ocean_menu_typo_spacing_tablet":0,"ocean_menu_typo_spacing_mobile":0,"ocean_menu_typo_spacing_unit":"","ocean_menu_link_color":"","ocean_menu_link_color_hover":"","ocean_menu_link_color_active":"","ocean_menu_link_background":"","ocean_menu_link_hover_background":"","ocean_menu_link_active_background":"","ocean_menu_social_links_bg":"","ocean_menu_social_hover_links_bg":"","ocean_menu_social_links_color":"","ocean_menu_social_hover_links_color":"","ocean_disable_title":"default","ocean_disable_heading":"default","ocean_post_title":"","ocean_post_subheading":"","ocean_post_title_style":"","ocean_post_title_background_color":"","ocean_post_title_background":0,"ocean_post_title_bg_image_position":"","ocean_post_title_bg_image_attachment":"","ocean_post_title_bg_image_repeat":"","ocean_post_title_bg_image_size":"","ocean_post_title_height":0,"ocean_post_title_bg_overlay":0.5,"ocean_post_title_bg_overlay_color":"","ocean_disable_breadcrumbs":"default","ocean_breadcrumbs_color":"","ocean_breadcrumbs_separator_color":"","ocean_breadcrumbs_links_color":"","ocean_breadcrumbs_links_hover_color":"","ocean_display_footer_widgets":"default","ocean_display_footer_bottom":"default","ocean_custom_footer_template":"","ocean_post_oembed":"","ocean_post_self_hosted_media":"","ocean_post_video_embed":"","ocean_link_format":"","ocean_link_format_target":"self","ocean_quote_format":"","ocean_quote_format_link":"post","ocean_gallery_link_images":"on","ocean_gallery_id":[],"footnotes":""},"categories":[4,6],"tags":[58,116,164],"class_list":["post-207","post","type-post","status-publish","format-standard","hentry","category-berufspolitik","category-gesundheitspolitik","tag-die-grunen","tag-pflegeberuf","tag-versorgung","entry"],"yoast_head":"<!-- This site is optimized with the Yoast SEO plugin v27.5 - https:\/\/yoast.com\/product\/yoast-seo-wordpress\/ -->\n<title>Neue Verantwortung f\u00fcr die Pflege | BAPP<\/title>\n<meta name=\"robots\" content=\"index, follow, max-snippet:-1, max-image-preview:large, max-video-preview:-1\" \/>\n<link rel=\"canonical\" href=\"https:\/\/www.bapp.info\/?p=207\" \/>\n<meta property=\"og:locale\" content=\"de_DE\" \/>\n<meta property=\"og:type\" content=\"article\" \/>\n<meta property=\"og:title\" content=\"Neue Verantwortung f\u00fcr die Pflege | BAPP\" \/>\n<meta property=\"og:description\" content=\"&#8220;Zur Verbesserung der Versorgung muss unter den Bedingungen sich \u00e4ndernder Krankheitsprofile wie beispielsweise die Zunahme geriatrischer oder demenzieller Erkrankungen, auch die bestehende Rollenverteilung zwischen den Gesundheitsberufen hinterfragt werde. Speziell bei der zunehmenden Zahl chronisch kranker und\/ oder psychisch erkrankter Personen, steht weniger die \u2013 zweifellos wichtige \u2013 medizinische Behandlung denn die Bew\u00e4ltigung des Alltages mit [&hellip;]\" \/>\n<meta property=\"og:url\" content=\"https:\/\/www.bapp.info\/?p=207\" \/>\n<meta property=\"og:site_name\" content=\"BAPP\" \/>\n<meta property=\"article:publisher\" content=\"https:\/\/www.facebook.com\/BAPPev\/\" \/>\n<meta property=\"article:published_time\" content=\"2010-11-05T18:00:23+00:00\" \/>\n<meta property=\"article:modified_time\" content=\"2019-12-13T16:33:57+00:00\" \/>\n<meta property=\"og:image\" content=\"https:\/\/www.bapp.info\/wp-content\/uploads\/2018\/11\/bapp2-schatten-www.png\" \/>\n\t<meta property=\"og:image:width\" content=\"1472\" \/>\n\t<meta property=\"og:image:height\" content=\"880\" \/>\n\t<meta property=\"og:image:type\" content=\"image\/png\" \/>\n<meta name=\"author\" content=\"admin\" \/>\n<meta name=\"twitter:card\" content=\"summary_large_image\" \/>\n<meta name=\"twitter:creator\" content=\"@BAPPev\" \/>\n<meta name=\"twitter:site\" content=\"@BAPPev\" \/>\n<meta name=\"twitter:label1\" content=\"Verfasst von\" \/>\n\t<meta name=\"twitter:data1\" content=\"admin\" \/>\n\t<meta name=\"twitter:label2\" content=\"Gesch\u00e4tzte Lesezeit\" \/>\n\t<meta name=\"twitter:data2\" content=\"2\u00a0Minuten\" \/>\n<script type=\"application\/ld+json\" class=\"yoast-schema-graph\">{\"@context\":\"https:\\\/\\\/schema.org\",\"@graph\":[{\"@type\":\"Article\",\"@id\":\"https:\\\/\\\/www.bapp.info\\\/?p=207#article\",\"isPartOf\":{\"@id\":\"https:\\\/\\\/www.bapp.info\\\/?p=207\"},\"author\":{\"name\":\"admin\",\"@id\":\"https:\\\/\\\/www.bapp.info\\\/#\\\/schema\\\/person\\\/99493e18f1cc152e00e65c1562a7e1c7\"},\"headline\":\"Neue Verantwortung f\u00fcr die Pflege\",\"datePublished\":\"2010-11-05T18:00:23+00:00\",\"dateModified\":\"2019-12-13T16:33:57+00:00\",\"mainEntityOfPage\":{\"@id\":\"https:\\\/\\\/www.bapp.info\\\/?p=207\"},\"wordCount\":489,\"publisher\":{\"@id\":\"https:\\\/\\\/www.bapp.info\\\/#organization\"},\"keywords\":[\"Die Gr\u00fcnen\",\"Pflegeberuf\",\"Versorgung\"],\"articleSection\":[\"Berufspolitik\",\"Gesundheitspolitik\"],\"inLanguage\":\"de\"},{\"@type\":\"WebPage\",\"@id\":\"https:\\\/\\\/www.bapp.info\\\/?p=207\",\"url\":\"https:\\\/\\\/www.bapp.info\\\/?p=207\",\"name\":\"Neue Verantwortung f\u00fcr die Pflege | BAPP\",\"isPartOf\":{\"@id\":\"https:\\\/\\\/www.bapp.info\\\/#website\"},\"datePublished\":\"2010-11-05T18:00:23+00:00\",\"dateModified\":\"2019-12-13T16:33:57+00:00\",\"breadcrumb\":{\"@id\":\"https:\\\/\\\/www.bapp.info\\\/?p=207#breadcrumb\"},\"inLanguage\":\"de\",\"potentialAction\":[{\"@type\":\"ReadAction\",\"target\":[\"https:\\\/\\\/www.bapp.info\\\/?p=207\"]}]},{\"@type\":\"BreadcrumbList\",\"@id\":\"https:\\\/\\\/www.bapp.info\\\/?p=207#breadcrumb\",\"itemListElement\":[{\"@type\":\"ListItem\",\"position\":1,\"name\":\"Startseite\",\"item\":\"https:\\\/\\\/www.bapp.info\\\/\"},{\"@type\":\"ListItem\",\"position\":2,\"name\":\"Neue Verantwortung f\u00fcr die Pflege\"}]},{\"@type\":\"WebSite\",\"@id\":\"https:\\\/\\\/www.bapp.info\\\/#website\",\"url\":\"https:\\\/\\\/www.bapp.info\\\/\",\"name\":\"BAPP\",\"description\":\"Bundesinitiative Ambulante Psychiatrische Pflege\",\"publisher\":{\"@id\":\"https:\\\/\\\/www.bapp.info\\\/#organization\"},\"potentialAction\":[{\"@type\":\"SearchAction\",\"target\":{\"@type\":\"EntryPoint\",\"urlTemplate\":\"https:\\\/\\\/www.bapp.info\\\/?s={search_term_string}\"},\"query-input\":{\"@type\":\"PropertyValueSpecification\",\"valueRequired\":true,\"valueName\":\"search_term_string\"}}],\"inLanguage\":\"de\"},{\"@type\":\"Organization\",\"@id\":\"https:\\\/\\\/www.bapp.info\\\/#organization\",\"name\":\"BAPP e.V.\",\"url\":\"https:\\\/\\\/www.bapp.info\\\/\",\"logo\":{\"@type\":\"ImageObject\",\"inLanguage\":\"de\",\"@id\":\"https:\\\/\\\/www.bapp.info\\\/#\\\/schema\\\/logo\\\/image\\\/\",\"url\":\"https:\\\/\\\/www.bapp.info\\\/wp-content\\\/uploads\\\/2018\\\/11\\\/bapp2-schatten-www.png\",\"contentUrl\":\"https:\\\/\\\/www.bapp.info\\\/wp-content\\\/uploads\\\/2018\\\/11\\\/bapp2-schatten-www.png\",\"width\":1472,\"height\":880,\"caption\":\"BAPP e.V.\"},\"image\":{\"@id\":\"https:\\\/\\\/www.bapp.info\\\/#\\\/schema\\\/logo\\\/image\\\/\"},\"sameAs\":[\"https:\\\/\\\/www.facebook.com\\\/BAPPev\\\/\",\"https:\\\/\\\/x.com\\\/BAPPev\"]},{\"@type\":\"Person\",\"@id\":\"https:\\\/\\\/www.bapp.info\\\/#\\\/schema\\\/person\\\/99493e18f1cc152e00e65c1562a7e1c7\",\"name\":\"admin\",\"image\":{\"@type\":\"ImageObject\",\"inLanguage\":\"de\",\"@id\":\"https:\\\/\\\/secure.gravatar.com\\\/avatar\\\/0926ef2d4df1335839d447e1f78ac79540053397fb7c635cbf6278dc979b59af?s=96&d=mm&r=g\",\"url\":\"https:\\\/\\\/secure.gravatar.com\\\/avatar\\\/0926ef2d4df1335839d447e1f78ac79540053397fb7c635cbf6278dc979b59af?s=96&d=mm&r=g\",\"contentUrl\":\"https:\\\/\\\/secure.gravatar.com\\\/avatar\\\/0926ef2d4df1335839d447e1f78ac79540053397fb7c635cbf6278dc979b59af?s=96&d=mm&r=g\",\"caption\":\"admin\"}}]}<\/script>\n<!-- \/ Yoast SEO plugin. -->","yoast_head_json":{"title":"Neue Verantwortung f\u00fcr die Pflege | BAPP","robots":{"index":"index","follow":"follow","max-snippet":"max-snippet:-1","max-image-preview":"max-image-preview:large","max-video-preview":"max-video-preview:-1"},"canonical":"https:\/\/www.bapp.info\/?p=207","og_locale":"de_DE","og_type":"article","og_title":"Neue Verantwortung f\u00fcr die Pflege | BAPP","og_description":"&#8220;Zur Verbesserung der Versorgung muss unter den Bedingungen sich \u00e4ndernder Krankheitsprofile wie beispielsweise die Zunahme geriatrischer oder demenzieller Erkrankungen, auch die bestehende Rollenverteilung zwischen den Gesundheitsberufen hinterfragt werde. Speziell bei der zunehmenden Zahl chronisch kranker und\/ oder psychisch erkrankter Personen, steht weniger die \u2013 zweifellos wichtige \u2013 medizinische Behandlung denn die Bew\u00e4ltigung des Alltages mit [&hellip;]","og_url":"https:\/\/www.bapp.info\/?p=207","og_site_name":"BAPP","article_publisher":"https:\/\/www.facebook.com\/BAPPev\/","article_published_time":"2010-11-05T18:00:23+00:00","article_modified_time":"2019-12-13T16:33:57+00:00","og_image":[{"width":1472,"height":880,"url":"https:\/\/www.bapp.info\/wp-content\/uploads\/2018\/11\/bapp2-schatten-www.png","type":"image\/png"}],"author":"admin","twitter_card":"summary_large_image","twitter_creator":"@BAPPev","twitter_site":"@BAPPev","twitter_misc":{"Verfasst von":"admin","Gesch\u00e4tzte Lesezeit":"2\u00a0Minuten"},"schema":{"@context":"https:\/\/schema.org","@graph":[{"@type":"Article","@id":"https:\/\/www.bapp.info\/?p=207#article","isPartOf":{"@id":"https:\/\/www.bapp.info\/?p=207"},"author":{"name":"admin","@id":"https:\/\/www.bapp.info\/#\/schema\/person\/99493e18f1cc152e00e65c1562a7e1c7"},"headline":"Neue Verantwortung f\u00fcr die Pflege","datePublished":"2010-11-05T18:00:23+00:00","dateModified":"2019-12-13T16:33:57+00:00","mainEntityOfPage":{"@id":"https:\/\/www.bapp.info\/?p=207"},"wordCount":489,"publisher":{"@id":"https:\/\/www.bapp.info\/#organization"},"keywords":["Die Gr\u00fcnen","Pflegeberuf","Versorgung"],"articleSection":["Berufspolitik","Gesundheitspolitik"],"inLanguage":"de"},{"@type":"WebPage","@id":"https:\/\/www.bapp.info\/?p=207","url":"https:\/\/www.bapp.info\/?p=207","name":"Neue Verantwortung f\u00fcr die Pflege | BAPP","isPartOf":{"@id":"https:\/\/www.bapp.info\/#website"},"datePublished":"2010-11-05T18:00:23+00:00","dateModified":"2019-12-13T16:33:57+00:00","breadcrumb":{"@id":"https:\/\/www.bapp.info\/?p=207#breadcrumb"},"inLanguage":"de","potentialAction":[{"@type":"ReadAction","target":["https:\/\/www.bapp.info\/?p=207"]}]},{"@type":"BreadcrumbList","@id":"https:\/\/www.bapp.info\/?p=207#breadcrumb","itemListElement":[{"@type":"ListItem","position":1,"name":"Startseite","item":"https:\/\/www.bapp.info\/"},{"@type":"ListItem","position":2,"name":"Neue Verantwortung f\u00fcr die Pflege"}]},{"@type":"WebSite","@id":"https:\/\/www.bapp.info\/#website","url":"https:\/\/www.bapp.info\/","name":"BAPP","description":"Bundesinitiative Ambulante Psychiatrische Pflege","publisher":{"@id":"https:\/\/www.bapp.info\/#organization"},"potentialAction":[{"@type":"SearchAction","target":{"@type":"EntryPoint","urlTemplate":"https:\/\/www.bapp.info\/?s={search_term_string}"},"query-input":{"@type":"PropertyValueSpecification","valueRequired":true,"valueName":"search_term_string"}}],"inLanguage":"de"},{"@type":"Organization","@id":"https:\/\/www.bapp.info\/#organization","name":"BAPP e.V.","url":"https:\/\/www.bapp.info\/","logo":{"@type":"ImageObject","inLanguage":"de","@id":"https:\/\/www.bapp.info\/#\/schema\/logo\/image\/","url":"https:\/\/www.bapp.info\/wp-content\/uploads\/2018\/11\/bapp2-schatten-www.png","contentUrl":"https:\/\/www.bapp.info\/wp-content\/uploads\/2018\/11\/bapp2-schatten-www.png","width":1472,"height":880,"caption":"BAPP e.V."},"image":{"@id":"https:\/\/www.bapp.info\/#\/schema\/logo\/image\/"},"sameAs":["https:\/\/www.facebook.com\/BAPPev\/","https:\/\/x.com\/BAPPev"]},{"@type":"Person","@id":"https:\/\/www.bapp.info\/#\/schema\/person\/99493e18f1cc152e00e65c1562a7e1c7","name":"admin","image":{"@type":"ImageObject","inLanguage":"de","@id":"https:\/\/secure.gravatar.com\/avatar\/0926ef2d4df1335839d447e1f78ac79540053397fb7c635cbf6278dc979b59af?s=96&d=mm&r=g","url":"https:\/\/secure.gravatar.com\/avatar\/0926ef2d4df1335839d447e1f78ac79540053397fb7c635cbf6278dc979b59af?s=96&d=mm&r=g","contentUrl":"https:\/\/secure.gravatar.com\/avatar\/0926ef2d4df1335839d447e1f78ac79540053397fb7c635cbf6278dc979b59af?s=96&d=mm&r=g","caption":"admin"}}]}},"_links":{"self":[{"href":"https:\/\/www.bapp.info\/index.php?rest_route=\/wp\/v2\/posts\/207","targetHints":{"allow":["GET"]}}],"collection":[{"href":"https:\/\/www.bapp.info\/index.php?rest_route=\/wp\/v2\/posts"}],"about":[{"href":"https:\/\/www.bapp.info\/index.php?rest_route=\/wp\/v2\/types\/post"}],"author":[{"embeddable":true,"href":"https:\/\/www.bapp.info\/index.php?rest_route=\/wp\/v2\/users\/891"}],"replies":[{"embeddable":true,"href":"https:\/\/www.bapp.info\/index.php?rest_route=%2Fwp%2Fv2%2Fcomments&post=207"}],"version-history":[{"count":1,"href":"https:\/\/www.bapp.info\/index.php?rest_route=\/wp\/v2\/posts\/207\/revisions"}],"predecessor-version":[{"id":3008,"href":"https:\/\/www.bapp.info\/index.php?rest_route=\/wp\/v2\/posts\/207\/revisions\/3008"}],"wp:attachment":[{"href":"https:\/\/www.bapp.info\/index.php?rest_route=%2Fwp%2Fv2%2Fmedia&parent=207"}],"wp:term":[{"taxonomy":"category","embeddable":true,"href":"https:\/\/www.bapp.info\/index.php?rest_route=%2Fwp%2Fv2%2Fcategories&post=207"},{"taxonomy":"post_tag","embeddable":true,"href":"https:\/\/www.bapp.info\/index.php?rest_route=%2Fwp%2Fv2%2Ftags&post=207"}],"curies":[{"name":"wp","href":"https:\/\/api.w.org\/{rel}","templated":true}]}}